{"id":9267,"date":"2025-09-18T09:05:27","date_gmt":"2025-09-18T09:05:27","guid":{"rendered":"https:\/\/exhibitgroup.fr\/?p=9267"},"modified":"2026-01-07T10:00:16","modified_gmt":"2026-01-07T10:00:16","slug":"santexpo-2025-dr-data","status":"publish","type":"post","link":"https:\/\/exhibitgroup.fr\/fr\/santexpo-2025-dr-data\/","title":{"rendered":"SantExpo 2025 &#8211; Dr Data"},"content":{"rendered":"\t\t<div data-elementor-type=\"wp-post\" data-elementor-id=\"9267\" class=\"elementor elementor-9267\" data-elementor-post-type=\"post\">\n\t\t\t\t<div class=\"elementor-element elementor-element-9eb0246 e-flex e-con-boxed e-con e-parent\" data-id=\"9eb0246\" data-element_type=\"container\" data-e-type=\"container\">\n\t\t\t\t\t<div class=\"e-con-inner\">\n\t\t<div class=\"elementor-element elementor-element-2e04d05 e-con-full e-flex e-con e-child\" data-id=\"2e04d05\" data-element_type=\"container\" data-e-type=\"container\">\n\t\t<div class=\"elementor-element elementor-element-414c0c4 e-con-full e-flex e-con e-child\" data-id=\"414c0c4\" data-element_type=\"container\" data-e-type=\"container\">\n\t\t\t\t<div class=\"elementor-element elementor-element-9f1603e elementor-widget__width-initial elementor-widget elementor-widget-heading\" data-id=\"9f1603e\" data-element_type=\"widget\" data-e-type=\"widget\" data-widget_type=\"heading.default\">\n\t\t\t\t<div class=\"elementor-widget-container\">\n\t\t\t\t\t<h1 class=\"elementor-heading-title elementor-size-default\">SantExpo 2025 <\/h1>\t\t\t\t<\/div>\n\t\t\t\t<\/div>\n\t\t\t\t<div class=\"elementor-element elementor-element-ab266ee elementor-widget__width-initial elementor-widget elementor-widget-text-editor\" data-id=\"ab266ee\" data-element_type=\"widget\" data-e-type=\"widget\" data-widget_type=\"text-editor.default\">\n\t\t\t\t<div class=\"elementor-widget-container\">\n\t\t\t\t\t\t\t\t\t<p>\u00c0 l\u2019occasion de la nouvelle \u00e9dition de <a href=\"https:\/\/www.santexpo.com\/\" target=\"_blank\" rel=\"noopener\">SantExpo<\/a>, Exhibit Group a accompagn\u00e9 <a href=\"https:\/\/www.drdata.io\" target=\"_blank\" rel=\"noopener\">Dr. Data<\/a> dans la conception et la r\u00e9alisation d\u2019un stand repens\u00e9 pour optimiser l\u2019accueil des visiteurs et renforcer l\u2019impact visuel de la marque.<\/p>\t\t\t\t\t\t\t\t<\/div>\n\t\t\t\t<\/div>\n\t\t\t\t<\/div>\n\t\t\t\t<div class=\"elementor-element elementor-element-538512c elementor-widget__width-initial elementor-widget elementor-widget-image\" data-id=\"538512c\" data-element_type=\"widget\" data-e-type=\"widget\" data-widget_type=\"image.default\">\n\t\t\t\t<div class=\"elementor-widget-container\">\n\t\t\t\t\t\t\t\t\t\t\t\t\t\t\t\t<a href=\"https:\/\/exhibitgroup.fr\/wp-content\/uploads\/IMG_1661-scaled.jpg\" data-elementor-open-lightbox=\"yes\" data-elementor-lightbox-title=\"dr data\" data-e-action-hash=\"#elementor-action%3Aaction%3Dlightbox%26settings%3DeyJpZCI6OTI2OSwidXJsIjoiaHR0cHM6XC9cL2V4aGliaXRncm91cC5mclwvd3AtY29udGVudFwvdXBsb2Fkc1wvSU1HXzE2NjEtc2NhbGVkLmpwZyJ9\">\n\t\t\t\t\t\t\t<img fetchpriority=\"high\" decoding=\"async\" width=\"2560\" height=\"1920\" src=\"https:\/\/exhibitgroup.fr\/wp-content\/uploads\/IMG_1661-scaled.jpg\" class=\"attachment-full size-full wp-image-9269\" alt=\"\" \/>\t\t\t\t\t\t\t\t<\/a>\n\t\t\t\t\t\t\t\t\t\t\t\t\t\t\t<\/div>\n\t\t\t\t<\/div>\n\t\t\t\t<\/div>\n\t\t<div class=\"elementor-element elementor-element-0763a2e e-con-full e-flex e-con e-child\" data-id=\"0763a2e\" data-element_type=\"container\" data-e-type=\"container\">\n\t\t\t\t<\/div>\n\t\t<div class=\"elementor-element elementor-element-5450b4b e-con-full e-flex e-con e-child\" data-id=\"5450b4b\" data-element_type=\"container\" data-e-type=\"container\">\n\t\t<div class=\"elementor-element elementor-element-d152b94 e-con-full e-flex e-con e-child\" data-id=\"d152b94\" data-element_type=\"container\" data-e-type=\"container\">\n\t\t\t\t<div class=\"elementor-element elementor-element-fa8ba2f elementor-widget elementor-widget-image\" data-id=\"fa8ba2f\" data-element_type=\"widget\" data-e-type=\"widget\" data-widget_type=\"image.default\">\n\t\t\t\t<div class=\"elementor-widget-container\">\n\t\t\t\t\t\t\t\t\t\t\t\t\t\t\t\t<a href=\"https:\/\/exhibitgroup.fr\/wp-content\/uploads\/IMG_1663-scaled.jpg\" data-elementor-open-lightbox=\"yes\" data-elementor-lightbox-title=\"Stand dr data\" data-e-action-hash=\"#elementor-action%3Aaction%3Dlightbox%26settings%3DeyJpZCI6OTI3MSwidXJsIjoiaHR0cHM6XC9cL2V4aGliaXRncm91cC5mclwvd3AtY29udGVudFwvdXBsb2Fkc1wvSU1HXzE2NjMtc2NhbGVkLmpwZyJ9\">\n\t\t\t\t\t\t\t<img decoding=\"async\" width=\"2560\" height=\"1920\" src=\"https:\/\/exhibitgroup.fr\/wp-content\/uploads\/IMG_1663-scaled.jpg\" class=\"attachment-full size-full wp-image-9271\" alt=\"dr data stand\" \/>\t\t\t\t\t\t\t\t<\/a>\n\t\t\t\t\t\t\t\t\t\t\t\t\t\t\t<\/div>\n\t\t\t\t<\/div>\n\t\t\t\t<div class=\"elementor-element elementor-element-e29fe99 elementor-widget elementor-widget-image\" data-id=\"e29fe99\" data-element_type=\"widget\" data-e-type=\"widget\" data-widget_type=\"image.default\">\n\t\t\t\t<div class=\"elementor-widget-container\">\n\t\t\t\t\t\t\t\t\t\t\t\t\t\t\t\t<a href=\"https:\/\/exhibitgroup.fr\/wp-content\/uploads\/IMG_1664.jpg\" data-elementor-open-lightbox=\"yes\" data-elementor-lightbox-title=\"dr data\" data-e-action-hash=\"#elementor-action%3Aaction%3Dlightbox%26settings%3DeyJpZCI6OTI3MywidXJsIjoiaHR0cHM6XC9cL2V4aGliaXRncm91cC5mclwvd3AtY29udGVudFwvdXBsb2Fkc1wvSU1HXzE2NjQuanBnIn0%3D\">\n\t\t\t\t\t\t\t<img decoding=\"async\" width=\"2527\" height=\"1322\" src=\"https:\/\/exhibitgroup.fr\/wp-content\/uploads\/IMG_1664.jpg\" class=\"attachment-full size-full wp-image-9273\" alt=\"Dr Data stand\" \/>\t\t\t\t\t\t\t\t<\/a>\n\t\t\t\t\t\t\t\t\t\t\t\t\t\t\t<\/div>\n\t\t\t\t<\/div>\n\t\t\t\t<\/div>\n\t\t<div class=\"elementor-element elementor-element-e84e27e e-con-full e-flex e-con e-child\" data-id=\"e84e27e\" data-element_type=\"container\" data-e-type=\"container\" data-settings=\"{&quot;background_background&quot;:&quot;classic&quot;}\">\n\t\t\t\t<div class=\"elementor-element elementor-element-5cc400a elementor-widget elementor-widget-heading\" data-id=\"5cc400a\" data-element_type=\"widget\" data-e-type=\"widget\" data-widget_type=\"heading.default\">\n\t\t\t\t<div class=\"elementor-widget-container\">\n\t\t\t\t\t<h2 class=\"elementor-heading-title elementor-size-default\">Le rdv incontournable de la sant\u00e9 et du m\u00e9dico-social<\/h2>\t\t\t\t<\/div>\n\t\t\t\t<\/div>\n\t\t\t\t<div class=\"elementor-element elementor-element-7abe919 elementor-widget__width-initial elementor-widget elementor-widget-text-editor\" data-id=\"7abe919\" data-element_type=\"widget\" data-e-type=\"widget\" data-widget_type=\"text-editor.default\">\n\t\t\t\t<div class=\"elementor-widget-container\">\n\t\t\t\t\t\t\t\t\t<section><p>Le salon <a href=\"https:\/\/www.santexpo.com\">SantExpo<\/a> est l\u2019\u00e9v\u00e8nement de r\u00e9f\u00e9rence pour les acteurs de la sant\u00e9, r\u00e9unissant chaque ann\u00e9e des milliers de visiteurs et d\u2019exposants.<br data-start=\"698\" data-end=\"701\" \/>Pour cette \u00e9dition 2025, Dr. Data souhaitait repenser son stand afin de mieux valoriser son identit\u00e9 de marque, am\u00e9liorer l\u2019exp\u00e9rience visiteurs et renforcer sa visibilit\u00e9 dans un environnement concurrentiel.<br data-start=\"917\" data-end=\"920\" \/>L\u2019objectif : disposer d\u2019un espace \u00e0 la fois accueillant, fonctionnel et diff\u00e9renciant, en coh\u00e9rence avec son univers de marque.<\/p><\/section>\t\t\t\t\t\t\t\t<\/div>\n\t\t\t\t<\/div>\n\t\t\t\t<\/div>\n\t\t\t\t<\/div>\n\t\t<div class=\"elementor-element elementor-element-5302ed5 e-con-full e-flex e-con e-child\" data-id=\"5302ed5\" data-element_type=\"container\" data-e-type=\"container\">\n\t\t<div class=\"elementor-element elementor-element-a989c55 e-con-full e-flex e-con e-child\" data-id=\"a989c55\" data-element_type=\"container\" data-e-type=\"container\">\n\t\t\t\t<div class=\"elementor-element elementor-element-6687086 elementor-widget elementor-widget-image\" data-id=\"6687086\" data-element_type=\"widget\" data-e-type=\"widget\" data-widget_type=\"image.default\">\n\t\t\t\t<div class=\"elementor-widget-container\">\n\t\t\t\t\t\t\t\t\t\t\t\t\t\t\t\t<a href=\"https:\/\/exhibitgroup.fr\/wp-content\/uploads\/IMG_1662-scaled.jpg\" data-elementor-open-lightbox=\"yes\" data-elementor-lightbox-title=\"dr data\" data-e-action-hash=\"#elementor-action%3Aaction%3Dlightbox%26settings%3DeyJpZCI6OTI3MCwidXJsIjoiaHR0cHM6XC9cL2V4aGliaXRncm91cC5mclwvd3AtY29udGVudFwvdXBsb2Fkc1wvSU1HXzE2NjItc2NhbGVkLmpwZyJ9\">\n\t\t\t\t\t\t\t<img loading=\"lazy\" decoding=\"async\" width=\"2560\" height=\"1920\" src=\"https:\/\/exhibitgroup.fr\/wp-content\/uploads\/IMG_1662-scaled.jpg\" class=\"attachment-full size-full wp-image-9270\" alt=\"\" \/>\t\t\t\t\t\t\t\t<\/a>\n\t\t\t\t\t\t\t\t\t\t\t\t\t\t\t<\/div>\n\t\t\t\t<\/div>\n\t\t\t\t<\/div>\n\t\t<div class=\"elementor-element elementor-element-d17b857 e-con-full e-flex e-con e-child\" data-id=\"d17b857\" data-element_type=\"container\" data-e-type=\"container\" data-settings=\"{&quot;background_background&quot;:&quot;classic&quot;}\">\n\t\t\t\t<div class=\"elementor-element elementor-element-94a070f elementor-widget elementor-widget-heading\" data-id=\"94a070f\" data-element_type=\"widget\" data-e-type=\"widget\" data-widget_type=\"heading.default\">\n\t\t\t\t<div class=\"elementor-widget-container\">\n\t\t\t\t\t<h2 class=\"elementor-heading-title elementor-size-default\">Expectations<\/h2>\t\t\t\t<\/div>\n\t\t\t\t<\/div>\n\t\t\t\t<div class=\"elementor-element elementor-element-7b2f9e4 elementor-widget elementor-widget-text-editor\" data-id=\"7b2f9e4\" data-element_type=\"widget\" data-e-type=\"widget\" data-widget_type=\"text-editor.default\">\n\t\t\t\t<div class=\"elementor-widget-container\">\n\t\t\t\t\t\t\t\t\t<p>Nos \u00e9quipes ont mobilis\u00e9 plusieurs expertises pour donner vie \u00e0 ce stand :<\/p>\t\t\t\t\t\t\t\t<\/div>\n\t\t\t\t<\/div>\n\t\t\t\t<div class=\"elementor-element elementor-element-3f294fc elementor-widget elementor-widget-text-editor\" data-id=\"3f294fc\" data-element_type=\"widget\" data-e-type=\"widget\" data-widget_type=\"text-editor.default\">\n\t\t\t\t<div class=\"elementor-widget-container\">\n\t\t\t\t\t\t\t\t\t<ul><li data-start=\"1178\" data-end=\"1299\">Conception et r\u00e9alisation d\u2019un stand modulaire \u00e9co-responsable en cadres aluminium et toiles, garantissant flexibilit\u00e9 et \u00e9l\u00e9gance.<\/li><li data-start=\"1300\" data-end=\"1429\"><p data-start=\"1302\" data-end=\"1429\">Habillage en tissu dos noir extensible opaque recycl\u00e9 imprim\u00e9 dans nos ateliers, avec joncs cousus pour une finition soign\u00e9e.<\/p><\/li><li data-start=\"1430\" data-end=\"1543\"><p data-start=\"1432\" data-end=\"1543\">Fabrication d\u2019un bar menuis\u00e9 sur-mesure, con\u00e7u pour offrir un espace d\u2019accueil chaleureux et fonctionnel.<\/p><\/li><\/ul><p data-start=\"1545\" data-end=\"1728\">Un projet men\u00e9 avec agilit\u00e9 et r\u00e9activit\u00e9, qui a permis \u00e0 Dr. Data d\u2019affirmer son identit\u00e9 visuelle et de marquer les esprits avec une pr\u00e9sence tout en bleu, remarqu\u00e9e sur le salon.<\/p>\t\t\t\t\t\t\t\t<\/div>\n\t\t\t\t<\/div>\n\t\t\t\t<\/div>\n\t\t\t\t<\/div>\n\t\t\t\t\t<\/div>\n\t\t\t\t<\/div>\n\t\t\t\t<\/div>\n\t\t","protected":false},"excerpt":{"rendered":"<p>La data au service de la sant\u00e9<\/p>\n","protected":false},"author":6,"featured_media":9269,"comment_status":"closed","ping_status":"closed","sticky":false,"template":"","format":"standard","meta":{"_acf_changed":false,"footnotes":""},"categories":[9,10,92],"tags":[24,25,37],"univers":[79,80,81],"class_list":["post-9267","post","type-post","status-publish","format-standard","has-post-thumbnail","hentry","category-print","category-stand","category-event","tag-print","tag-event","tag-stand","univers-salons-congres","univers-stands","univers-evenementiel"],"acf":[],"yoast_head":"<!-- This site is optimized with the Yoast SEO plugin v27.4 - https:\/\/yoast.com\/product\/yoast-seo-wordpress\/ -->\n<title>Santexpo 2025 : l\u2019\u00e9v\u00e8nement de r\u00e9f\u00e9rence pour les acteurs de la sant\u00e9<\/title>\n<meta name=\"description\" content=\"Santexpo 2025 : Un rendez-vous incontournable pour le secteur de la sant\u00e9 et du m\u00e9dico-social.\" \/>\n<meta name=\"robots\" content=\"index, follow, max-snippet:-1, max-image-preview:large, max-video-preview:-1\" \/>\n<link rel=\"canonical\" href=\"https:\/\/exhibitgroup.fr\/fr\/santexpo-2025-dr-data\/\" \/>\n<meta property=\"og:locale\" content=\"fr_FR\" \/>\n<meta property=\"og:type\" content=\"article\" \/>\n<meta property=\"og:title\" content=\"Santexpo 2025 : l\u2019\u00e9v\u00e8nement de r\u00e9f\u00e9rence pour les acteurs de la sant\u00e9\" \/>\n<meta property=\"og:description\" content=\"Santexpo 2025 : Un rendez-vous incontournable pour le secteur de la sant\u00e9 et du m\u00e9dico-social.\" \/>\n<meta property=\"og:url\" content=\"https:\/\/exhibitgroup.fr\/fr\/santexpo-2025-dr-data\/\" \/>\n<meta property=\"og:site_name\" content=\"Exhibit Group\" \/>\n<meta property=\"article:publisher\" content=\"https:\/\/www.facebook.com\/ExhibitGroup.fr\/\" \/>\n<meta property=\"article:published_time\" content=\"2025-09-18T09:05:27+00:00\" \/>\n<meta property=\"article:modified_time\" content=\"2026-01-07T10:00:16+00:00\" \/>\n<meta property=\"og:image\" content=\"https:\/\/exhibitgroup.fr\/wp-content\/uploads\/IMG_1661-scaled.jpg\" \/>\n\t<meta property=\"og:image:width\" content=\"2560\" \/>\n\t<meta property=\"og:image:height\" content=\"1920\" \/>\n\t<meta property=\"og:image:type\" content=\"image\/jpeg\" \/>\n<meta name=\"author\" content=\"Caroline\" \/>\n<meta name=\"twitter:card\" content=\"summary_large_image\" \/>\n<meta name=\"twitter:label1\" content=\"\u00c9crit par\" \/>\n\t<meta name=\"twitter:data1\" content=\"Caroline\" \/>\n\t<meta name=\"twitter:label2\" content=\"Dur\u00e9e de lecture estim\u00e9e\" \/>\n\t<meta name=\"twitter:data2\" content=\"2 minutes\" \/>\n<script type=\"application\/ld+json\" class=\"yoast-schema-graph\">{\"@context\":\"https:\\\/\\\/schema.org\",\"@graph\":[{\"@type\":\"Article\",\"@id\":\"https:\\\/\\\/exhibitgroup.fr\\\/santexpo-2025-dr-data\\\/#article\",\"isPartOf\":{\"@id\":\"https:\\\/\\\/exhibitgroup.fr\\\/santexpo-2025-dr-data\\\/\"},\"author\":{\"name\":\"Caroline\",\"@id\":\"https:\\\/\\\/exhibitgroup.fr\\\/fr\\\/#\\\/schema\\\/person\\\/12bff46011088e10d40d17a8912f6ba1\"},\"headline\":\"SantExpo 2025 &#8211; Dr Data\",\"datePublished\":\"2025-09-18T09:05:27+00:00\",\"dateModified\":\"2026-01-07T10:00:16+00:00\",\"mainEntityOfPage\":{\"@id\":\"https:\\\/\\\/exhibitgroup.fr\\\/santexpo-2025-dr-data\\\/\"},\"wordCount\":238,\"publisher\":{\"@id\":\"https:\\\/\\\/exhibitgroup.fr\\\/fr\\\/#organization\"},\"image\":{\"@id\":\"https:\\\/\\\/exhibitgroup.fr\\\/santexpo-2025-dr-data\\\/#primaryimage\"},\"thumbnailUrl\":\"https:\\\/\\\/exhibitgroup.fr\\\/wp-content\\\/uploads\\\/IMG_1661-scaled.jpg\",\"keywords\":[\"Print\",\"Event\",\"Stand\"],\"articleSection\":[\"Print\",\"Stand\",\"Event\"],\"inLanguage\":\"fr-FR\"},{\"@type\":\"WebPage\",\"@id\":\"https:\\\/\\\/exhibitgroup.fr\\\/santexpo-2025-dr-data\\\/\",\"url\":\"https:\\\/\\\/exhibitgroup.fr\\\/santexpo-2025-dr-data\\\/\",\"name\":\"Santexpo 2025 : l\u2019\u00e9v\u00e8nement de r\u00e9f\u00e9rence pour les acteurs de la sant\u00e9\",\"isPartOf\":{\"@id\":\"https:\\\/\\\/exhibitgroup.fr\\\/fr\\\/#website\"},\"primaryImageOfPage\":{\"@id\":\"https:\\\/\\\/exhibitgroup.fr\\\/santexpo-2025-dr-data\\\/#primaryimage\"},\"image\":{\"@id\":\"https:\\\/\\\/exhibitgroup.fr\\\/santexpo-2025-dr-data\\\/#primaryimage\"},\"thumbnailUrl\":\"https:\\\/\\\/exhibitgroup.fr\\\/wp-content\\\/uploads\\\/IMG_1661-scaled.jpg\",\"datePublished\":\"2025-09-18T09:05:27+00:00\",\"dateModified\":\"2026-01-07T10:00:16+00:00\",\"description\":\"Santexpo 2025 : Un rendez-vous incontournable pour le secteur de la sant\u00e9 et du m\u00e9dico-social.\",\"breadcrumb\":{\"@id\":\"https:\\\/\\\/exhibitgroup.fr\\\/santexpo-2025-dr-data\\\/#breadcrumb\"},\"inLanguage\":\"fr-FR\",\"potentialAction\":[{\"@type\":\"ReadAction\",\"target\":[\"https:\\\/\\\/exhibitgroup.fr\\\/santexpo-2025-dr-data\\\/\"]}]},{\"@type\":\"ImageObject\",\"inLanguage\":\"fr-FR\",\"@id\":\"https:\\\/\\\/exhibitgroup.fr\\\/santexpo-2025-dr-data\\\/#primaryimage\",\"url\":\"https:\\\/\\\/exhibitgroup.fr\\\/wp-content\\\/uploads\\\/IMG_1661-scaled.jpg\",\"contentUrl\":\"https:\\\/\\\/exhibitgroup.fr\\\/wp-content\\\/uploads\\\/IMG_1661-scaled.jpg\",\"width\":2560,\"height\":1920},{\"@type\":\"BreadcrumbList\",\"@id\":\"https:\\\/\\\/exhibitgroup.fr\\\/santexpo-2025-dr-data\\\/#breadcrumb\",\"itemListElement\":[{\"@type\":\"ListItem\",\"position\":1,\"name\":\"Accueil\",\"item\":\"https:\\\/\\\/exhibitgroup.fr\\\/\"},{\"@type\":\"ListItem\",\"position\":2,\"name\":\"SantExpo 2025 &#8211; Dr Data\"}]},{\"@type\":\"WebSite\",\"@id\":\"https:\\\/\\\/exhibitgroup.fr\\\/fr\\\/#website\",\"url\":\"https:\\\/\\\/exhibitgroup.fr\\\/fr\\\/\",\"name\":\"Exhibit Group\",\"description\":\"\",\"publisher\":{\"@id\":\"https:\\\/\\\/exhibitgroup.fr\\\/fr\\\/#organization\"},\"potentialAction\":[{\"@type\":\"SearchAction\",\"target\":{\"@type\":\"EntryPoint\",\"urlTemplate\":\"https:\\\/\\\/exhibitgroup.fr\\\/fr\\\/?s={search_term_string}\"},\"query-input\":{\"@type\":\"PropertyValueSpecification\",\"valueRequired\":true,\"valueName\":\"search_term_string\"}}],\"inLanguage\":\"fr-FR\"},{\"@type\":\"Organization\",\"@id\":\"https:\\\/\\\/exhibitgroup.fr\\\/fr\\\/#organization\",\"name\":\"Exhibit Group\",\"url\":\"https:\\\/\\\/exhibitgroup.fr\\\/fr\\\/\",\"logo\":{\"@type\":\"ImageObject\",\"inLanguage\":\"fr-FR\",\"@id\":\"https:\\\/\\\/exhibitgroup.fr\\\/fr\\\/#\\\/schema\\\/logo\\\/image\\\/\",\"url\":\"https:\\\/\\\/exhibitgroup.fr\\\/wp-content\\\/uploads\\\/EXHIBIT_GROUP_LOGO.jpg\",\"contentUrl\":\"https:\\\/\\\/exhibitgroup.fr\\\/wp-content\\\/uploads\\\/EXHIBIT_GROUP_LOGO.jpg\",\"width\":2373,\"height\":675,\"caption\":\"Exhibit Group\"},\"image\":{\"@id\":\"https:\\\/\\\/exhibitgroup.fr\\\/fr\\\/#\\\/schema\\\/logo\\\/image\\\/\"},\"sameAs\":[\"https:\\\/\\\/www.facebook.com\\\/ExhibitGroup.fr\\\/\",\"https:\\\/\\\/fr.linkedin.com\\\/company\\\/exhibit-group_2\"]},{\"@type\":\"Person\",\"@id\":\"https:\\\/\\\/exhibitgroup.fr\\\/fr\\\/#\\\/schema\\\/person\\\/12bff46011088e10d40d17a8912f6ba1\",\"name\":\"Caroline\",\"image\":{\"@type\":\"ImageObject\",\"inLanguage\":\"fr-FR\",\"@id\":\"https:\\\/\\\/secure.gravatar.com\\\/avatar\\\/b742905a0e6352554ed66a91fe56e2dd768f2154eb4cdc715f7cccba9c7a5802?s=96&d=mm&r=g\",\"url\":\"https:\\\/\\\/secure.gravatar.com\\\/avatar\\\/b742905a0e6352554ed66a91fe56e2dd768f2154eb4cdc715f7cccba9c7a5802?s=96&d=mm&r=g\",\"contentUrl\":\"https:\\\/\\\/secure.gravatar.com\\\/avatar\\\/b742905a0e6352554ed66a91fe56e2dd768f2154eb4cdc715f7cccba9c7a5802?s=96&d=mm&r=g\",\"caption\":\"Caroline\"},\"url\":\"https:\\\/\\\/exhibitgroup.fr\\\/fr\\\/author\\\/caro\\\/\"}]}<\/script>\n<!-- \/ Yoast SEO plugin. -->","yoast_head_json":{"title":"Santexpo 2025 : l\u2019\u00e9v\u00e8nement de r\u00e9f\u00e9rence pour les acteurs de la sant\u00e9","description":"Santexpo 2025 : Un rendez-vous incontournable pour le secteur de la sant\u00e9 et du m\u00e9dico-social.","robots":{"index":"index","follow":"follow","max-snippet":"max-snippet:-1","max-image-preview":"max-image-preview:large","max-video-preview":"max-video-preview:-1"},"canonical":"https:\/\/exhibitgroup.fr\/fr\/santexpo-2025-dr-data\/","og_locale":"fr_FR","og_type":"article","og_title":"Santexpo 2025 : l\u2019\u00e9v\u00e8nement de r\u00e9f\u00e9rence pour les acteurs de la sant\u00e9","og_description":"Santexpo 2025 : Un rendez-vous incontournable pour le secteur de la sant\u00e9 et du m\u00e9dico-social.","og_url":"https:\/\/exhibitgroup.fr\/fr\/santexpo-2025-dr-data\/","og_site_name":"Exhibit Group","article_publisher":"https:\/\/www.facebook.com\/ExhibitGroup.fr\/","article_published_time":"2025-09-18T09:05:27+00:00","article_modified_time":"2026-01-07T10:00:16+00:00","og_image":[{"width":2560,"height":1920,"url":"https:\/\/exhibitgroup.fr\/wp-content\/uploads\/IMG_1661-scaled.jpg","type":"image\/jpeg"}],"author":"Caroline","twitter_card":"summary_large_image","twitter_misc":{"\u00c9crit par":"Caroline","Dur\u00e9e de lecture estim\u00e9e":"2 minutes"},"schema":{"@context":"https:\/\/schema.org","@graph":[{"@type":"Article","@id":"https:\/\/exhibitgroup.fr\/santexpo-2025-dr-data\/#article","isPartOf":{"@id":"https:\/\/exhibitgroup.fr\/santexpo-2025-dr-data\/"},"author":{"name":"Caroline","@id":"https:\/\/exhibitgroup.fr\/fr\/#\/schema\/person\/12bff46011088e10d40d17a8912f6ba1"},"headline":"SantExpo 2025 &#8211; Dr Data","datePublished":"2025-09-18T09:05:27+00:00","dateModified":"2026-01-07T10:00:16+00:00","mainEntityOfPage":{"@id":"https:\/\/exhibitgroup.fr\/santexpo-2025-dr-data\/"},"wordCount":238,"publisher":{"@id":"https:\/\/exhibitgroup.fr\/fr\/#organization"},"image":{"@id":"https:\/\/exhibitgroup.fr\/santexpo-2025-dr-data\/#primaryimage"},"thumbnailUrl":"https:\/\/exhibitgroup.fr\/wp-content\/uploads\/IMG_1661-scaled.jpg","keywords":["Print","Event","Stand"],"articleSection":["Print","Stand","Event"],"inLanguage":"fr-FR"},{"@type":"WebPage","@id":"https:\/\/exhibitgroup.fr\/santexpo-2025-dr-data\/","url":"https:\/\/exhibitgroup.fr\/santexpo-2025-dr-data\/","name":"Santexpo 2025 : l\u2019\u00e9v\u00e8nement de r\u00e9f\u00e9rence pour les acteurs de la sant\u00e9","isPartOf":{"@id":"https:\/\/exhibitgroup.fr\/fr\/#website"},"primaryImageOfPage":{"@id":"https:\/\/exhibitgroup.fr\/santexpo-2025-dr-data\/#primaryimage"},"image":{"@id":"https:\/\/exhibitgroup.fr\/santexpo-2025-dr-data\/#primaryimage"},"thumbnailUrl":"https:\/\/exhibitgroup.fr\/wp-content\/uploads\/IMG_1661-scaled.jpg","datePublished":"2025-09-18T09:05:27+00:00","dateModified":"2026-01-07T10:00:16+00:00","description":"Santexpo 2025 : Un rendez-vous incontournable pour le secteur de la sant\u00e9 et du m\u00e9dico-social.","breadcrumb":{"@id":"https:\/\/exhibitgroup.fr\/santexpo-2025-dr-data\/#breadcrumb"},"inLanguage":"fr-FR","potentialAction":[{"@type":"ReadAction","target":["https:\/\/exhibitgroup.fr\/santexpo-2025-dr-data\/"]}]},{"@type":"ImageObject","inLanguage":"fr-FR","@id":"https:\/\/exhibitgroup.fr\/santexpo-2025-dr-data\/#primaryimage","url":"https:\/\/exhibitgroup.fr\/wp-content\/uploads\/IMG_1661-scaled.jpg","contentUrl":"https:\/\/exhibitgroup.fr\/wp-content\/uploads\/IMG_1661-scaled.jpg","width":2560,"height":1920},{"@type":"BreadcrumbList","@id":"https:\/\/exhibitgroup.fr\/santexpo-2025-dr-data\/#breadcrumb","itemListElement":[{"@type":"ListItem","position":1,"name":"Accueil","item":"https:\/\/exhibitgroup.fr\/"},{"@type":"ListItem","position":2,"name":"SantExpo 2025 &#8211; Dr Data"}]},{"@type":"WebSite","@id":"https:\/\/exhibitgroup.fr\/fr\/#website","url":"https:\/\/exhibitgroup.fr\/fr\/","name":"Exhibit Group","description":"","publisher":{"@id":"https:\/\/exhibitgroup.fr\/fr\/#organization"},"potentialAction":[{"@type":"SearchAction","target":{"@type":"EntryPoint","urlTemplate":"https:\/\/exhibitgroup.fr\/fr\/?s={search_term_string}"},"query-input":{"@type":"PropertyValueSpecification","valueRequired":true,"valueName":"search_term_string"}}],"inLanguage":"fr-FR"},{"@type":"Organization","@id":"https:\/\/exhibitgroup.fr\/fr\/#organization","name":"Exhibit Group","url":"https:\/\/exhibitgroup.fr\/fr\/","logo":{"@type":"ImageObject","inLanguage":"fr-FR","@id":"https:\/\/exhibitgroup.fr\/fr\/#\/schema\/logo\/image\/","url":"https:\/\/exhibitgroup.fr\/wp-content\/uploads\/EXHIBIT_GROUP_LOGO.jpg","contentUrl":"https:\/\/exhibitgroup.fr\/wp-content\/uploads\/EXHIBIT_GROUP_LOGO.jpg","width":2373,"height":675,"caption":"Exhibit Group"},"image":{"@id":"https:\/\/exhibitgroup.fr\/fr\/#\/schema\/logo\/image\/"},"sameAs":["https:\/\/www.facebook.com\/ExhibitGroup.fr\/","https:\/\/fr.linkedin.com\/company\/exhibit-group_2"]},{"@type":"Person","@id":"https:\/\/exhibitgroup.fr\/fr\/#\/schema\/person\/12bff46011088e10d40d17a8912f6ba1","name":"Caroline","image":{"@type":"ImageObject","inLanguage":"fr-FR","@id":"https:\/\/secure.gravatar.com\/avatar\/b742905a0e6352554ed66a91fe56e2dd768f2154eb4cdc715f7cccba9c7a5802?s=96&d=mm&r=g","url":"https:\/\/secure.gravatar.com\/avatar\/b742905a0e6352554ed66a91fe56e2dd768f2154eb4cdc715f7cccba9c7a5802?s=96&d=mm&r=g","contentUrl":"https:\/\/secure.gravatar.com\/avatar\/b742905a0e6352554ed66a91fe56e2dd768f2154eb4cdc715f7cccba9c7a5802?s=96&d=mm&r=g","caption":"Caroline"},"url":"https:\/\/exhibitgroup.fr\/fr\/author\/caro\/"}]}},"_links":{"self":[{"href":"https:\/\/exhibitgroup.fr\/fr\/wp-json\/wp\/v2\/posts\/9267","targetHints":{"allow":["GET"]}}],"collection":[{"href":"https:\/\/exhibitgroup.fr\/fr\/wp-json\/wp\/v2\/posts"}],"about":[{"href":"https:\/\/exhibitgroup.fr\/fr\/wp-json\/wp\/v2\/types\/post"}],"author":[{"embeddable":true,"href":"https:\/\/exhibitgroup.fr\/fr\/wp-json\/wp\/v2\/users\/6"}],"replies":[{"embeddable":true,"href":"https:\/\/exhibitgroup.fr\/fr\/wp-json\/wp\/v2\/comments?post=9267"}],"version-history":[{"count":0,"href":"https:\/\/exhibitgroup.fr\/fr\/wp-json\/wp\/v2\/posts\/9267\/revisions"}],"wp:featuredmedia":[{"embeddable":true,"href":"https:\/\/exhibitgroup.fr\/fr\/wp-json\/wp\/v2\/media\/9269"}],"wp:attachment":[{"href":"https:\/\/exhibitgroup.fr\/fr\/wp-json\/wp\/v2\/media?parent=9267"}],"wp:term":[{"taxonomy":"category","embeddable":true,"href":"https:\/\/exhibitgroup.fr\/fr\/wp-json\/wp\/v2\/categories?post=9267"},{"taxonomy":"post_tag","embeddable":true,"href":"https:\/\/exhibitgroup.fr\/fr\/wp-json\/wp\/v2\/tags?post=9267"},{"taxonomy":"univers","embeddable":true,"href":"https:\/\/exhibitgroup.fr\/fr\/wp-json\/wp\/v2\/univers?post=9267"}],"curies":[{"name":"wp","href":"https:\/\/api.w.org\/{rel}","templated":true}]}}