{"id":9248,"date":"2025-11-07T13:59:49","date_gmt":"2025-11-07T13:59:49","guid":{"rendered":"https:\/\/exhibitgroup.fr\/?p=9248"},"modified":"2026-03-09T17:10:24","modified_gmt":"2026-03-09T17:10:24","slug":"avis-un-defi-technique-releve-a-laeroport-de-nice","status":"publish","type":"post","link":"https:\/\/exhibitgroup.fr\/fr\/avis-un-defi-technique-releve-a-laeroport-de-nice\/","title":{"rendered":"AVIS &#8211; Un d\u00e9fi technique relev\u00e9 \u00e0 l&rsquo;a\u00e9roport de Nice"},"content":{"rendered":"\t\t<div data-elementor-type=\"wp-post\" data-elementor-id=\"9248\" class=\"elementor elementor-9248\" data-elementor-post-type=\"post\">\n\t\t\t\t<div class=\"elementor-element elementor-element-9eb0246 e-flex e-con-boxed e-con e-parent\" data-id=\"9eb0246\" data-element_type=\"container\" data-e-type=\"container\">\n\t\t\t\t\t<div class=\"e-con-inner\">\n\t\t<div class=\"elementor-element elementor-element-2e04d05 e-con-full e-flex e-con e-child\" data-id=\"2e04d05\" data-element_type=\"container\" data-e-type=\"container\">\n\t\t<div class=\"elementor-element elementor-element-414c0c4 e-con-full e-flex e-con e-child\" data-id=\"414c0c4\" data-element_type=\"container\" data-e-type=\"container\">\n\t\t\t\t<div class=\"elementor-element elementor-element-9f1603e elementor-widget__width-initial elementor-widget elementor-widget-heading\" data-id=\"9f1603e\" data-element_type=\"widget\" data-e-type=\"widget\" data-widget_type=\"heading.default\">\n\t\t\t\t<div class=\"elementor-widget-container\">\n\t\t\t\t\t<h1 class=\"elementor-heading-title elementor-size-default\">Un d\u00e9fi technique relev\u00e9 \u00e0 l\u2019a\u00e9roport de Nice<\/h1>\t\t\t\t<\/div>\n\t\t\t\t<\/div>\n\t\t\t\t<div class=\"elementor-element elementor-element-ab266ee elementor-widget__width-initial elementor-widget elementor-widget-text-editor\" data-id=\"ab266ee\" data-element_type=\"widget\" data-e-type=\"widget\" data-widget_type=\"text-editor.default\">\n\t\t\t\t<div class=\"elementor-widget-container\">\n\t\t\t\t\t\t\t\t\t<p>Exhibit Group a r\u00e9cemment accompagn\u00e9 son client <a href=\"https:\/\/www.facing.fr\/\" target=\"_blank\" rel=\"noopener\">Facing<\/a> pour un projet de signal\u00e9tique \u00e9v\u00e8nementielle sur-mesure pour <a href=\"https:\/\/www.avis.fr\/services-avis\/location-voiture\/europe\/france\/nice\/aeroport-de-nice-cote-d-azur\" target=\"_blank\" rel=\"noopener\">Avis<\/a>\u00a0\u00e0 <a href=\"https:\/\/www.nice.aeroport.fr\" target=\"_blank\" rel=\"noopener\">l\u2019a\u00e9roport de Nice<\/a> \u2013 Terminal 2.<br data-start=\"327\" data-end=\"330\" \/>Un chantier d\u2019envergure men\u00e9 avec rigueur et r\u00e9activit\u00e9, illustrant parfaitement la capacit\u00e9 de nos \u00e9quipes \u00e0 s\u2019adapter aux contraintes techniques les plus exigeantes.<\/p>\t\t\t\t\t\t\t\t<\/div>\n\t\t\t\t<\/div>\n\t\t\t\t<\/div>\n\t\t\t\t<div class=\"elementor-element elementor-element-538512c elementor-widget__width-initial elementor-widget elementor-widget-image\" data-id=\"538512c\" data-element_type=\"widget\" data-e-type=\"widget\" data-widget_type=\"image.default\">\n\t\t\t\t<div class=\"elementor-widget-container\">\n\t\t\t\t\t\t\t\t\t\t\t\t\t\t\t\t<a href=\"https:\/\/exhibitgroup.fr\/wp-content\/uploads\/IMG_2257-2-scaled.jpeg\" data-elementor-open-lightbox=\"yes\" data-elementor-lightbox-title=\"avis alpine\" data-e-action-hash=\"#elementor-action%3Aaction%3Dlightbox%26settings%3DeyJpZCI6OTI1MCwidXJsIjoiaHR0cHM6XC9cL2V4aGliaXRncm91cC5mclwvd3AtY29udGVudFwvdXBsb2Fkc1wvSU1HXzIyNTctMi1zY2FsZWQuanBlZyJ9\">\n\t\t\t\t\t\t\t<img fetchpriority=\"high\" decoding=\"async\" width=\"4284\" height=\"5712\" src=\"https:\/\/exhibitgroup.fr\/wp-content\/uploads\/IMG_2257-2-scaled.jpeg\" class=\"attachment-full size-full wp-image-9250\" alt=\"\" \/>\t\t\t\t\t\t\t\t<\/a>\n\t\t\t\t\t\t\t\t\t\t\t\t\t\t\t<\/div>\n\t\t\t\t<\/div>\n\t\t\t\t<\/div>\n\t\t<div class=\"elementor-element elementor-element-0763a2e e-con-full e-flex e-con e-child\" data-id=\"0763a2e\" data-element_type=\"container\" data-e-type=\"container\">\n\t\t\t\t<div class=\"elementor-element elementor-element-2f99ec1 elementor-widget elementor-widget-image\" data-id=\"2f99ec1\" data-element_type=\"widget\" data-e-type=\"widget\" data-widget_type=\"image.default\">\n\t\t\t\t<div class=\"elementor-widget-container\">\n\t\t\t\t\t\t\t\t\t\t\t\t\t\t\t\t<a href=\"https:\/\/exhibitgroup.fr\/wp-content\/uploads\/IMG_2271-scaled.jpeg\" data-elementor-open-lightbox=\"yes\" data-elementor-lightbox-title=\"avis alpine\" data-e-action-hash=\"#elementor-action%3Aaction%3Dlightbox%26settings%3DeyJpZCI6OTI1MiwidXJsIjoiaHR0cHM6XC9cL2V4aGliaXRncm91cC5mclwvd3AtY29udGVudFwvdXBsb2Fkc1wvSU1HXzIyNzEtc2NhbGVkLmpwZWcifQ%3D%3D\">\n\t\t\t\t\t\t\t<img decoding=\"async\" width=\"2560\" height=\"1440\" src=\"https:\/\/exhibitgroup.fr\/wp-content\/uploads\/IMG_2271-scaled.jpeg\" class=\"attachment-full size-full wp-image-9252\" alt=\"\" \/>\t\t\t\t\t\t\t\t<\/a>\n\t\t\t\t\t\t\t\t\t\t\t\t\t\t\t<\/div>\n\t\t\t\t<\/div>\n\t\t\t\t<\/div>\n\t\t<div class=\"elementor-element elementor-element-5450b4b e-con-full e-flex e-con e-child\" data-id=\"5450b4b\" data-element_type=\"container\" data-e-type=\"container\">\n\t\t<div class=\"elementor-element elementor-element-d152b94 e-con-full e-flex e-con e-child\" data-id=\"d152b94\" data-element_type=\"container\" data-e-type=\"container\">\n\t\t\t\t<div class=\"elementor-element elementor-element-fa8ba2f elementor-widget elementor-widget-image\" data-id=\"fa8ba2f\" data-element_type=\"widget\" data-e-type=\"widget\" data-widget_type=\"image.default\">\n\t\t\t\t<div class=\"elementor-widget-container\">\n\t\t\t\t\t\t\t\t\t\t\t\t\t\t\t\t<a href=\"https:\/\/exhibitgroup.fr\/wp-content\/uploads\/IMG_2267-scaled.jpeg\" data-elementor-open-lightbox=\"yes\" data-elementor-lightbox-title=\"avis alpine\" data-e-action-hash=\"#elementor-action%3Aaction%3Dlightbox%26settings%3DeyJpZCI6OTI1NywidXJsIjoiaHR0cHM6XC9cL2V4aGliaXRncm91cC5mclwvd3AtY29udGVudFwvdXBsb2Fkc1wvSU1HXzIyNjctcm90YXRlZC5qcGVnIn0%3D\">\n\t\t\t\t\t\t\t<img decoding=\"async\" width=\"4284\" height=\"5712\" src=\"https:\/\/exhibitgroup.fr\/wp-content\/uploads\/IMG_2267-rotated.jpeg\" class=\"attachment-full size-full wp-image-9257\" alt=\"\" \/>\t\t\t\t\t\t\t\t<\/a>\n\t\t\t\t\t\t\t\t\t\t\t\t\t\t\t<\/div>\n\t\t\t\t<\/div>\n\t\t\t\t<div class=\"elementor-element elementor-element-e29fe99 elementor-widget elementor-widget-image\" data-id=\"e29fe99\" data-element_type=\"widget\" data-e-type=\"widget\" data-widget_type=\"image.default\">\n\t\t\t\t<div class=\"elementor-widget-container\">\n\t\t\t\t\t\t\t\t\t\t\t\t\t\t\t\t<a href=\"https:\/\/exhibitgroup.fr\/wp-content\/uploads\/IMG_2263-2-scaled.jpeg\" data-elementor-open-lightbox=\"yes\" data-elementor-lightbox-title=\"avis alpine\" data-e-action-hash=\"#elementor-action%3Aaction%3Dlightbox%26settings%3DeyJpZCI6OTI1NCwidXJsIjoiaHR0cHM6XC9cL2V4aGliaXRncm91cC5mclwvd3AtY29udGVudFwvdXBsb2Fkc1wvSU1HXzIyNjMtMi1zY2FsZWQuanBlZyJ9\">\n\t\t\t\t\t\t\t<img loading=\"lazy\" decoding=\"async\" width=\"1920\" height=\"2560\" src=\"https:\/\/exhibitgroup.fr\/wp-content\/uploads\/IMG_2263-2-scaled.jpeg\" class=\"attachment-full size-full wp-image-9254\" alt=\"\" \/>\t\t\t\t\t\t\t\t<\/a>\n\t\t\t\t\t\t\t\t\t\t\t\t\t\t\t<\/div>\n\t\t\t\t<\/div>\n\t\t\t\t<\/div>\n\t\t<div class=\"elementor-element elementor-element-e84e27e e-con-full e-flex e-con e-child\" data-id=\"e84e27e\" data-element_type=\"container\" data-e-type=\"container\" data-settings=\"{&quot;background_background&quot;:&quot;classic&quot;}\">\n\t\t\t\t<div class=\"elementor-element elementor-element-5cc400a elementor-widget elementor-widget-heading\" data-id=\"5cc400a\" data-element_type=\"widget\" data-e-type=\"widget\" data-widget_type=\"heading.default\">\n\t\t\t\t<div class=\"elementor-widget-container\">\n\t\t\t\t\t<h2 class=\"elementor-heading-title elementor-size-default\">Levez les yeux !<\/h2>\t\t\t\t<\/div>\n\t\t\t\t<\/div>\n\t\t\t\t<div class=\"elementor-element elementor-element-7abe919 elementor-widget__width-initial elementor-widget elementor-widget-text-editor\" data-id=\"7abe919\" data-element_type=\"widget\" data-e-type=\"widget\" data-widget_type=\"text-editor.default\">\n\t\t\t\t<div class=\"elementor-widget-container\">\n\t\t\t\t\t\t\t\t\t<section><p>Pour l\u2019agence de location de voitures AVIS, situ\u00e9e au parking du Terminal 2 de l\u2019a\u00e9roport de Nice, le besoin \u00e9tait clair : installer une signal\u00e9tique ext\u00e9rieure impactante et durable.<br data-start=\"725\" data-end=\"728\" \/>L\u2019objectif consistait \u00e0 imprimer puis poser 5 b\u00e2ches tendues microperfor\u00e9es, choisies pour leur r\u00e9sistance et leur meilleure prise au vent, afin d\u2019habiller les carports de mani\u00e8re efficace et esth\u00e9tique.<br data-start=\"935\" data-end=\"938\" \/>Un projet o\u00f9 la contrainte majeure r\u00e9sidait dans l\u2019impossibilit\u00e9 de visser directement sur certaines structures m\u00e9talliques existantes.<\/p><\/section>\t\t\t\t\t\t\t\t<\/div>\n\t\t\t\t<\/div>\n\t\t\t\t<\/div>\n\t\t\t\t<\/div>\n\t\t<div class=\"elementor-element elementor-element-5302ed5 e-con-full e-flex e-con e-child\" data-id=\"5302ed5\" data-element_type=\"container\" data-e-type=\"container\">\n\t\t<div class=\"elementor-element elementor-element-a989c55 e-con-full e-flex e-con e-child\" data-id=\"a989c55\" data-element_type=\"container\" data-e-type=\"container\">\n\t\t\t\t<div class=\"elementor-element elementor-element-6687086 elementor-widget elementor-widget-image\" data-id=\"6687086\" data-element_type=\"widget\" data-e-type=\"widget\" data-widget_type=\"image.default\">\n\t\t\t\t<div class=\"elementor-widget-container\">\n\t\t\t\t\t\t\t\t\t\t\t\t\t\t\t\t<a href=\"https:\/\/exhibitgroup.fr\/wp-content\/uploads\/IMG_2257-2-scaled.jpeg\" data-elementor-open-lightbox=\"yes\" data-elementor-lightbox-title=\"avis alpine\" data-e-action-hash=\"#elementor-action%3Aaction%3Dlightbox%26settings%3DeyJpZCI6OTI1MCwidXJsIjoiaHR0cHM6XC9cL2V4aGliaXRncm91cC5mclwvd3AtY29udGVudFwvdXBsb2Fkc1wvSU1HXzIyNTctMi1zY2FsZWQuanBlZyJ9\">\n\t\t\t\t\t\t\t<img fetchpriority=\"high\" decoding=\"async\" width=\"4284\" height=\"5712\" src=\"https:\/\/exhibitgroup.fr\/wp-content\/uploads\/IMG_2257-2-scaled.jpeg\" class=\"attachment-full size-full wp-image-9250\" alt=\"\" \/>\t\t\t\t\t\t\t\t<\/a>\n\t\t\t\t\t\t\t\t\t\t\t\t\t\t\t<\/div>\n\t\t\t\t<\/div>\n\t\t\t\t<\/div>\n\t\t<div class=\"elementor-element elementor-element-d17b857 e-con-full e-flex e-con e-child\" data-id=\"d17b857\" data-element_type=\"container\" data-e-type=\"container\" data-settings=\"{&quot;background_background&quot;:&quot;classic&quot;}\">\n\t\t\t\t<div class=\"elementor-element elementor-element-94a070f elementor-widget elementor-widget-heading\" data-id=\"94a070f\" data-element_type=\"widget\" data-e-type=\"widget\" data-widget_type=\"heading.default\">\n\t\t\t\t<div class=\"elementor-widget-container\">\n\t\t\t\t\t<h2 class=\"elementor-heading-title elementor-size-default\">Expectations<\/h2>\t\t\t\t<\/div>\n\t\t\t\t<\/div>\n\t\t\t\t<div class=\"elementor-element elementor-element-7b2f9e4 elementor-widget elementor-widget-text-editor\" data-id=\"7b2f9e4\" data-element_type=\"widget\" data-e-type=\"widget\" data-widget_type=\"text-editor.default\">\n\t\t\t\t<div class=\"elementor-widget-container\">\n\t\t\t\t\t\t\t\t\t<p>Pour r\u00e9pondre \u00e0 cette probl\u00e9matique, nos \u00e9quipes ont con\u00e7u et install\u00e9 des ch\u00e2ssis m\u00e9talliques sp\u00e9cifiques, permettant de tendre les b\u00e2ches sans alt\u00e9rer la structure en place.<\/p>\t\t\t\t\t\t\t\t<\/div>\n\t\t\t\t<\/div>\n\t\t\t\t<div class=\"elementor-element elementor-element-3f294fc elementor-widget elementor-widget-text-editor\" data-id=\"3f294fc\" data-element_type=\"widget\" data-e-type=\"widget\" data-widget_type=\"text-editor.default\">\n\t\t\t\t<div class=\"elementor-widget-container\">\n\t\t\t\t\t\t\t\t\t<p data-start=\"1115\" data-end=\"1319\">\u00c9tapes cl\u00e9s :<\/p><ul data-start=\"1320\" data-end=\"1545\"><li data-start=\"1320\" data-end=\"1408\"><p data-start=\"1322\" data-end=\"1408\">Impression UV sur b\u00e2ches microperfor\u00e9es (mesh), adapt\u00e9es aux conditions ext\u00e9rieures.<\/p><\/li><li data-start=\"1409\" data-end=\"1459\"><p data-start=\"1411\" data-end=\"1459\">Fabrication sur-mesure de ch\u00e2ssis m\u00e9talliques.<\/p><\/li><li data-start=\"1460\" data-end=\"1545\"><p data-start=\"1462\" data-end=\"1545\">Pose et ajustement en une seule journ\u00e9e, malgr\u00e9 des conditions d\u2019acc\u00e8s complexes.<\/p><\/li><\/ul><p>\u00a0<\/p><p data-start=\"1547\" data-end=\"1831\">Gr\u00e2ce \u00e0 leur savoir-faire et leur r\u00e9activit\u00e9, nos poseurs ont men\u00e9 ce chantier \u00e0 bien en respectant d\u00e9lais et exigences techniques. Un projet qui t\u00e9moigne de l\u2019expertise d\u2019Exhibit Group en mati\u00e8re de signal\u00e9tique sur-mesure, durable et parfaitement int\u00e9gr\u00e9e \u00e0 son environnement.<\/p>\t\t\t\t\t\t\t\t<\/div>\n\t\t\t\t<\/div>\n\t\t\t\t<\/div>\n\t\t\t\t<\/div>\n\t\t\t\t\t<\/div>\n\t\t\t\t<\/div>\n\t\t\t\t<\/div>\n\t\t","protected":false},"excerpt":{"rendered":"<p>R\u00eaves de sommets<\/p>\n","protected":false},"author":6,"featured_media":9250,"comment_status":"closed","ping_status":"closed","sticky":false,"template":"","format":"standard","meta":{"_acf_changed":false,"footnotes":""},"categories":[9],"tags":[24],"univers":[78],"class_list":["post-9248","post","type-post","status-publish","format-standard","has-post-thumbnail","hentry","category-print","tag-print","univers-print-xxl"],"acf":[],"yoast_head":"<!-- This site is optimized with the Yoast SEO plugin v27.4 - https:\/\/yoast.com\/product\/yoast-seo-wordpress\/ -->\n<title>Avis - D\u00e9fi technique<\/title>\n<meta name=\"description\" content=\"Exhibit Group a r\u00e9cemment accompagn\u00e9 son client FACING pour un projet de signal\u00e9tique \u00e9v\u00e9nementielle sur-mesure \u00e0 l\u2019a\u00e9roport de Nice \u2013 Terminal 2.\" \/>\n<meta name=\"robots\" content=\"index, follow, max-snippet:-1, max-image-preview:large, max-video-preview:-1\" \/>\n<link rel=\"canonical\" href=\"https:\/\/exhibitgroup.fr\/fr\/avis-un-defi-technique-releve-a-laeroport-de-nice\/\" \/>\n<meta property=\"og:locale\" content=\"fr_FR\" \/>\n<meta property=\"og:type\" content=\"article\" \/>\n<meta property=\"og:title\" content=\"Avis - D\u00e9fi technique\" \/>\n<meta property=\"og:description\" content=\"Exhibit Group a r\u00e9cemment accompagn\u00e9 son client FACING pour un projet de signal\u00e9tique \u00e9v\u00e9nementielle sur-mesure \u00e0 l\u2019a\u00e9roport de Nice \u2013 Terminal 2.\" \/>\n<meta property=\"og:url\" content=\"https:\/\/exhibitgroup.fr\/fr\/avis-un-defi-technique-releve-a-laeroport-de-nice\/\" \/>\n<meta property=\"og:site_name\" content=\"Exhibit Group\" \/>\n<meta property=\"article:publisher\" content=\"https:\/\/www.facebook.com\/ExhibitGroup.fr\/\" \/>\n<meta property=\"article:published_time\" content=\"2025-11-07T13:59:49+00:00\" \/>\n<meta property=\"article:modified_time\" content=\"2026-03-09T17:10:24+00:00\" \/>\n<meta property=\"og:image\" content=\"https:\/\/exhibitgroup.fr\/wp-content\/uploads\/IMG_2257-2-scaled.jpeg\" \/>\n\t<meta property=\"og:image:width\" content=\"4284\" \/>\n\t<meta property=\"og:image:height\" content=\"5712\" \/>\n\t<meta property=\"og:image:type\" content=\"image\/jpeg\" \/>\n<meta name=\"author\" content=\"Caroline\" \/>\n<meta name=\"twitter:card\" content=\"summary_large_image\" \/>\n<meta name=\"twitter:label1\" content=\"\u00c9crit par\" \/>\n\t<meta name=\"twitter:data1\" content=\"Caroline\" \/>\n\t<meta name=\"twitter:label2\" content=\"Dur\u00e9e de lecture estim\u00e9e\" \/>\n\t<meta name=\"twitter:data2\" content=\"3 minutes\" \/>\n<script type=\"application\/ld+json\" class=\"yoast-schema-graph\">{\"@context\":\"https:\\\/\\\/schema.org\",\"@graph\":[{\"@type\":\"Article\",\"@id\":\"https:\\\/\\\/exhibitgroup.fr\\\/avis-un-defi-technique-releve-a-laeroport-de-nice\\\/#article\",\"isPartOf\":{\"@id\":\"https:\\\/\\\/exhibitgroup.fr\\\/avis-un-defi-technique-releve-a-laeroport-de-nice\\\/\"},\"author\":{\"name\":\"Caroline\",\"@id\":\"https:\\\/\\\/exhibitgroup.fr\\\/fr\\\/#\\\/schema\\\/person\\\/12bff46011088e10d40d17a8912f6ba1\"},\"headline\":\"AVIS &#8211; Un d\u00e9fi technique relev\u00e9 \u00e0 l&rsquo;a\u00e9roport de Nice\",\"datePublished\":\"2025-11-07T13:59:49+00:00\",\"dateModified\":\"2026-03-09T17:10:24+00:00\",\"mainEntityOfPage\":{\"@id\":\"https:\\\/\\\/exhibitgroup.fr\\\/avis-un-defi-technique-releve-a-laeroport-de-nice\\\/\"},\"wordCount\":284,\"publisher\":{\"@id\":\"https:\\\/\\\/exhibitgroup.fr\\\/fr\\\/#organization\"},\"image\":{\"@id\":\"https:\\\/\\\/exhibitgroup.fr\\\/avis-un-defi-technique-releve-a-laeroport-de-nice\\\/#primaryimage\"},\"thumbnailUrl\":\"https:\\\/\\\/exhibitgroup.fr\\\/wp-content\\\/uploads\\\/IMG_2257-2-scaled.jpeg\",\"keywords\":[\"Print\"],\"articleSection\":[\"Print\"],\"inLanguage\":\"fr-FR\"},{\"@type\":\"WebPage\",\"@id\":\"https:\\\/\\\/exhibitgroup.fr\\\/avis-un-defi-technique-releve-a-laeroport-de-nice\\\/\",\"url\":\"https:\\\/\\\/exhibitgroup.fr\\\/avis-un-defi-technique-releve-a-laeroport-de-nice\\\/\",\"name\":\"Avis - D\u00e9fi technique\",\"isPartOf\":{\"@id\":\"https:\\\/\\\/exhibitgroup.fr\\\/fr\\\/#website\"},\"primaryImageOfPage\":{\"@id\":\"https:\\\/\\\/exhibitgroup.fr\\\/avis-un-defi-technique-releve-a-laeroport-de-nice\\\/#primaryimage\"},\"image\":{\"@id\":\"https:\\\/\\\/exhibitgroup.fr\\\/avis-un-defi-technique-releve-a-laeroport-de-nice\\\/#primaryimage\"},\"thumbnailUrl\":\"https:\\\/\\\/exhibitgroup.fr\\\/wp-content\\\/uploads\\\/IMG_2257-2-scaled.jpeg\",\"datePublished\":\"2025-11-07T13:59:49+00:00\",\"dateModified\":\"2026-03-09T17:10:24+00:00\",\"description\":\"Exhibit Group a r\u00e9cemment accompagn\u00e9 son client FACING pour un projet de signal\u00e9tique \u00e9v\u00e9nementielle sur-mesure \u00e0 l\u2019a\u00e9roport de Nice \u2013 Terminal 2.\",\"breadcrumb\":{\"@id\":\"https:\\\/\\\/exhibitgroup.fr\\\/avis-un-defi-technique-releve-a-laeroport-de-nice\\\/#breadcrumb\"},\"inLanguage\":\"fr-FR\",\"potentialAction\":[{\"@type\":\"ReadAction\",\"target\":[\"https:\\\/\\\/exhibitgroup.fr\\\/avis-un-defi-technique-releve-a-laeroport-de-nice\\\/\"]}]},{\"@type\":\"ImageObject\",\"inLanguage\":\"fr-FR\",\"@id\":\"https:\\\/\\\/exhibitgroup.fr\\\/avis-un-defi-technique-releve-a-laeroport-de-nice\\\/#primaryimage\",\"url\":\"https:\\\/\\\/exhibitgroup.fr\\\/wp-content\\\/uploads\\\/IMG_2257-2-scaled.jpeg\",\"contentUrl\":\"https:\\\/\\\/exhibitgroup.fr\\\/wp-content\\\/uploads\\\/IMG_2257-2-scaled.jpeg\",\"width\":4284,\"height\":5712},{\"@type\":\"BreadcrumbList\",\"@id\":\"https:\\\/\\\/exhibitgroup.fr\\\/avis-un-defi-technique-releve-a-laeroport-de-nice\\\/#breadcrumb\",\"itemListElement\":[{\"@type\":\"ListItem\",\"position\":1,\"name\":\"Accueil\",\"item\":\"https:\\\/\\\/exhibitgroup.fr\\\/\"},{\"@type\":\"ListItem\",\"position\":2,\"name\":\"AVIS &#8211; Un d\u00e9fi technique relev\u00e9 \u00e0 l&rsquo;a\u00e9roport de Nice\"}]},{\"@type\":\"WebSite\",\"@id\":\"https:\\\/\\\/exhibitgroup.fr\\\/fr\\\/#website\",\"url\":\"https:\\\/\\\/exhibitgroup.fr\\\/fr\\\/\",\"name\":\"Exhibit Group\",\"description\":\"\",\"publisher\":{\"@id\":\"https:\\\/\\\/exhibitgroup.fr\\\/fr\\\/#organization\"},\"potentialAction\":[{\"@type\":\"SearchAction\",\"target\":{\"@type\":\"EntryPoint\",\"urlTemplate\":\"https:\\\/\\\/exhibitgroup.fr\\\/fr\\\/?s={search_term_string}\"},\"query-input\":{\"@type\":\"PropertyValueSpecification\",\"valueRequired\":true,\"valueName\":\"search_term_string\"}}],\"inLanguage\":\"fr-FR\"},{\"@type\":\"Organization\",\"@id\":\"https:\\\/\\\/exhibitgroup.fr\\\/fr\\\/#organization\",\"name\":\"Exhibit Group\",\"url\":\"https:\\\/\\\/exhibitgroup.fr\\\/fr\\\/\",\"logo\":{\"@type\":\"ImageObject\",\"inLanguage\":\"fr-FR\",\"@id\":\"https:\\\/\\\/exhibitgroup.fr\\\/fr\\\/#\\\/schema\\\/logo\\\/image\\\/\",\"url\":\"https:\\\/\\\/exhibitgroup.fr\\\/wp-content\\\/uploads\\\/EXHIBIT_GROUP_LOGO.jpg\",\"contentUrl\":\"https:\\\/\\\/exhibitgroup.fr\\\/wp-content\\\/uploads\\\/EXHIBIT_GROUP_LOGO.jpg\",\"width\":2373,\"height\":675,\"caption\":\"Exhibit Group\"},\"image\":{\"@id\":\"https:\\\/\\\/exhibitgroup.fr\\\/fr\\\/#\\\/schema\\\/logo\\\/image\\\/\"},\"sameAs\":[\"https:\\\/\\\/www.facebook.com\\\/ExhibitGroup.fr\\\/\",\"https:\\\/\\\/fr.linkedin.com\\\/company\\\/exhibit-group_2\"]},{\"@type\":\"Person\",\"@id\":\"https:\\\/\\\/exhibitgroup.fr\\\/fr\\\/#\\\/schema\\\/person\\\/12bff46011088e10d40d17a8912f6ba1\",\"name\":\"Caroline\",\"image\":{\"@type\":\"ImageObject\",\"inLanguage\":\"fr-FR\",\"@id\":\"https:\\\/\\\/secure.gravatar.com\\\/avatar\\\/b742905a0e6352554ed66a91fe56e2dd768f2154eb4cdc715f7cccba9c7a5802?s=96&d=mm&r=g\",\"url\":\"https:\\\/\\\/secure.gravatar.com\\\/avatar\\\/b742905a0e6352554ed66a91fe56e2dd768f2154eb4cdc715f7cccba9c7a5802?s=96&d=mm&r=g\",\"contentUrl\":\"https:\\\/\\\/secure.gravatar.com\\\/avatar\\\/b742905a0e6352554ed66a91fe56e2dd768f2154eb4cdc715f7cccba9c7a5802?s=96&d=mm&r=g\",\"caption\":\"Caroline\"},\"url\":\"https:\\\/\\\/exhibitgroup.fr\\\/fr\\\/author\\\/caro\\\/\"}]}<\/script>\n<!-- \/ Yoast SEO plugin. -->","yoast_head_json":{"title":"Avis - D\u00e9fi technique","description":"Exhibit Group a r\u00e9cemment accompagn\u00e9 son client FACING pour un projet de signal\u00e9tique \u00e9v\u00e9nementielle sur-mesure \u00e0 l\u2019a\u00e9roport de Nice \u2013 Terminal 2.","robots":{"index":"index","follow":"follow","max-snippet":"max-snippet:-1","max-image-preview":"max-image-preview:large","max-video-preview":"max-video-preview:-1"},"canonical":"https:\/\/exhibitgroup.fr\/fr\/avis-un-defi-technique-releve-a-laeroport-de-nice\/","og_locale":"fr_FR","og_type":"article","og_title":"Avis - D\u00e9fi technique","og_description":"Exhibit Group a r\u00e9cemment accompagn\u00e9 son client FACING pour un projet de signal\u00e9tique \u00e9v\u00e9nementielle sur-mesure \u00e0 l\u2019a\u00e9roport de Nice \u2013 Terminal 2.","og_url":"https:\/\/exhibitgroup.fr\/fr\/avis-un-defi-technique-releve-a-laeroport-de-nice\/","og_site_name":"Exhibit Group","article_publisher":"https:\/\/www.facebook.com\/ExhibitGroup.fr\/","article_published_time":"2025-11-07T13:59:49+00:00","article_modified_time":"2026-03-09T17:10:24+00:00","og_image":[{"url":"https:\/\/exhibitgroup.fr\/wp-content\/uploads\/IMG_2257-2-scaled.jpeg","width":4284,"height":5712,"type":"image\/jpeg"}],"author":"Caroline","twitter_card":"summary_large_image","twitter_misc":{"\u00c9crit par":"Caroline","Dur\u00e9e de lecture estim\u00e9e":"3 minutes"},"schema":{"@context":"https:\/\/schema.org","@graph":[{"@type":"Article","@id":"https:\/\/exhibitgroup.fr\/avis-un-defi-technique-releve-a-laeroport-de-nice\/#article","isPartOf":{"@id":"https:\/\/exhibitgroup.fr\/avis-un-defi-technique-releve-a-laeroport-de-nice\/"},"author":{"name":"Caroline","@id":"https:\/\/exhibitgroup.fr\/fr\/#\/schema\/person\/12bff46011088e10d40d17a8912f6ba1"},"headline":"AVIS &#8211; Un d\u00e9fi technique relev\u00e9 \u00e0 l&rsquo;a\u00e9roport de Nice","datePublished":"2025-11-07T13:59:49+00:00","dateModified":"2026-03-09T17:10:24+00:00","mainEntityOfPage":{"@id":"https:\/\/exhibitgroup.fr\/avis-un-defi-technique-releve-a-laeroport-de-nice\/"},"wordCount":284,"publisher":{"@id":"https:\/\/exhibitgroup.fr\/fr\/#organization"},"image":{"@id":"https:\/\/exhibitgroup.fr\/avis-un-defi-technique-releve-a-laeroport-de-nice\/#primaryimage"},"thumbnailUrl":"https:\/\/exhibitgroup.fr\/wp-content\/uploads\/IMG_2257-2-scaled.jpeg","keywords":["Print"],"articleSection":["Print"],"inLanguage":"fr-FR"},{"@type":"WebPage","@id":"https:\/\/exhibitgroup.fr\/avis-un-defi-technique-releve-a-laeroport-de-nice\/","url":"https:\/\/exhibitgroup.fr\/avis-un-defi-technique-releve-a-laeroport-de-nice\/","name":"Avis - D\u00e9fi technique","isPartOf":{"@id":"https:\/\/exhibitgroup.fr\/fr\/#website"},"primaryImageOfPage":{"@id":"https:\/\/exhibitgroup.fr\/avis-un-defi-technique-releve-a-laeroport-de-nice\/#primaryimage"},"image":{"@id":"https:\/\/exhibitgroup.fr\/avis-un-defi-technique-releve-a-laeroport-de-nice\/#primaryimage"},"thumbnailUrl":"https:\/\/exhibitgroup.fr\/wp-content\/uploads\/IMG_2257-2-scaled.jpeg","datePublished":"2025-11-07T13:59:49+00:00","dateModified":"2026-03-09T17:10:24+00:00","description":"Exhibit Group a r\u00e9cemment accompagn\u00e9 son client FACING pour un projet de signal\u00e9tique \u00e9v\u00e9nementielle sur-mesure \u00e0 l\u2019a\u00e9roport de Nice \u2013 Terminal 2.","breadcrumb":{"@id":"https:\/\/exhibitgroup.fr\/avis-un-defi-technique-releve-a-laeroport-de-nice\/#breadcrumb"},"inLanguage":"fr-FR","potentialAction":[{"@type":"ReadAction","target":["https:\/\/exhibitgroup.fr\/avis-un-defi-technique-releve-a-laeroport-de-nice\/"]}]},{"@type":"ImageObject","inLanguage":"fr-FR","@id":"https:\/\/exhibitgroup.fr\/avis-un-defi-technique-releve-a-laeroport-de-nice\/#primaryimage","url":"https:\/\/exhibitgroup.fr\/wp-content\/uploads\/IMG_2257-2-scaled.jpeg","contentUrl":"https:\/\/exhibitgroup.fr\/wp-content\/uploads\/IMG_2257-2-scaled.jpeg","width":4284,"height":5712},{"@type":"BreadcrumbList","@id":"https:\/\/exhibitgroup.fr\/avis-un-defi-technique-releve-a-laeroport-de-nice\/#breadcrumb","itemListElement":[{"@type":"ListItem","position":1,"name":"Accueil","item":"https:\/\/exhibitgroup.fr\/"},{"@type":"ListItem","position":2,"name":"AVIS &#8211; Un d\u00e9fi technique relev\u00e9 \u00e0 l&rsquo;a\u00e9roport de Nice"}]},{"@type":"WebSite","@id":"https:\/\/exhibitgroup.fr\/fr\/#website","url":"https:\/\/exhibitgroup.fr\/fr\/","name":"Exhibit Group","description":"","publisher":{"@id":"https:\/\/exhibitgroup.fr\/fr\/#organization"},"potentialAction":[{"@type":"SearchAction","target":{"@type":"EntryPoint","urlTemplate":"https:\/\/exhibitgroup.fr\/fr\/?s={search_term_string}"},"query-input":{"@type":"PropertyValueSpecification","valueRequired":true,"valueName":"search_term_string"}}],"inLanguage":"fr-FR"},{"@type":"Organization","@id":"https:\/\/exhibitgroup.fr\/fr\/#organization","name":"Exhibit Group","url":"https:\/\/exhibitgroup.fr\/fr\/","logo":{"@type":"ImageObject","inLanguage":"fr-FR","@id":"https:\/\/exhibitgroup.fr\/fr\/#\/schema\/logo\/image\/","url":"https:\/\/exhibitgroup.fr\/wp-content\/uploads\/EXHIBIT_GROUP_LOGO.jpg","contentUrl":"https:\/\/exhibitgroup.fr\/wp-content\/uploads\/EXHIBIT_GROUP_LOGO.jpg","width":2373,"height":675,"caption":"Exhibit Group"},"image":{"@id":"https:\/\/exhibitgroup.fr\/fr\/#\/schema\/logo\/image\/"},"sameAs":["https:\/\/www.facebook.com\/ExhibitGroup.fr\/","https:\/\/fr.linkedin.com\/company\/exhibit-group_2"]},{"@type":"Person","@id":"https:\/\/exhibitgroup.fr\/fr\/#\/schema\/person\/12bff46011088e10d40d17a8912f6ba1","name":"Caroline","image":{"@type":"ImageObject","inLanguage":"fr-FR","@id":"https:\/\/secure.gravatar.com\/avatar\/b742905a0e6352554ed66a91fe56e2dd768f2154eb4cdc715f7cccba9c7a5802?s=96&d=mm&r=g","url":"https:\/\/secure.gravatar.com\/avatar\/b742905a0e6352554ed66a91fe56e2dd768f2154eb4cdc715f7cccba9c7a5802?s=96&d=mm&r=g","contentUrl":"https:\/\/secure.gravatar.com\/avatar\/b742905a0e6352554ed66a91fe56e2dd768f2154eb4cdc715f7cccba9c7a5802?s=96&d=mm&r=g","caption":"Caroline"},"url":"https:\/\/exhibitgroup.fr\/fr\/author\/caro\/"}]}},"_links":{"self":[{"href":"https:\/\/exhibitgroup.fr\/fr\/wp-json\/wp\/v2\/posts\/9248","targetHints":{"allow":["GET"]}}],"collection":[{"href":"https:\/\/exhibitgroup.fr\/fr\/wp-json\/wp\/v2\/posts"}],"about":[{"href":"https:\/\/exhibitgroup.fr\/fr\/wp-json\/wp\/v2\/types\/post"}],"author":[{"embeddable":true,"href":"https:\/\/exhibitgroup.fr\/fr\/wp-json\/wp\/v2\/users\/6"}],"replies":[{"embeddable":true,"href":"https:\/\/exhibitgroup.fr\/fr\/wp-json\/wp\/v2\/comments?post=9248"}],"version-history":[{"count":0,"href":"https:\/\/exhibitgroup.fr\/fr\/wp-json\/wp\/v2\/posts\/9248\/revisions"}],"wp:featuredmedia":[{"embeddable":true,"href":"https:\/\/exhibitgroup.fr\/fr\/wp-json\/wp\/v2\/media\/9250"}],"wp:attachment":[{"href":"https:\/\/exhibitgroup.fr\/fr\/wp-json\/wp\/v2\/media?parent=9248"}],"wp:term":[{"taxonomy":"category","embeddable":true,"href":"https:\/\/exhibitgroup.fr\/fr\/wp-json\/wp\/v2\/categories?post=9248"},{"taxonomy":"post_tag","embeddable":true,"href":"https:\/\/exhibitgroup.fr\/fr\/wp-json\/wp\/v2\/tags?post=9248"},{"taxonomy":"univers","embeddable":true,"href":"https:\/\/exhibitgroup.fr\/fr\/wp-json\/wp\/v2\/univers?post=9248"}],"curies":[{"name":"wp","href":"https:\/\/api.w.org\/{rel}","templated":true}]}}