{"id":7334,"date":"2025-07-16T11:25:04","date_gmt":"2025-07-16T11:25:04","guid":{"rendered":"https:\/\/exhibitgroup.fr\/?p=7334"},"modified":"2025-07-25T09:45:46","modified_gmt":"2025-07-25T09:45:46","slug":"histoires-paralympiques-au-pantheon","status":"publish","type":"post","link":"https:\/\/exhibitgroup.fr\/fr\/histoires-paralympiques-au-pantheon\/","title":{"rendered":"Histoires paralympiques au Panth\u00e9on"},"content":{"rendered":"\t\t<div data-elementor-type=\"wp-post\" data-elementor-id=\"7334\" class=\"elementor elementor-7334\" data-elementor-post-type=\"post\">\n\t\t\t\t<div class=\"elementor-element elementor-element-9eb0246 e-flex e-con-boxed e-con e-parent\" data-id=\"9eb0246\" data-element_type=\"container\" data-e-type=\"container\">\n\t\t\t\t\t<div class=\"e-con-inner\">\n\t\t<div class=\"elementor-element elementor-element-2e04d05 e-con-full e-flex e-con e-child\" data-id=\"2e04d05\" data-element_type=\"container\" data-e-type=\"container\">\n\t\t<div class=\"elementor-element elementor-element-414c0c4 e-con-full e-flex e-con e-child\" data-id=\"414c0c4\" data-element_type=\"container\" data-e-type=\"container\">\n\t\t\t\t<div class=\"elementor-element elementor-element-9f1603e elementor-widget__width-initial elementor-widget elementor-widget-heading\" data-id=\"9f1603e\" data-element_type=\"widget\" data-e-type=\"widget\" data-widget_type=\"heading.default\">\n\t\t\t\t<div class=\"elementor-widget-container\">\n\t\t\t\t\t<h1 class=\"elementor-heading-title elementor-size-default\">Histoires paralympiques au Panth\u00e9on<\/h1>\t\t\t\t<\/div>\n\t\t\t\t<\/div>\n\t\t\t\t<div class=\"elementor-element elementor-element-ab266ee elementor-widget__width-initial elementor-widget elementor-widget-text-editor\" data-id=\"ab266ee\" data-element_type=\"widget\" data-e-type=\"widget\" data-widget_type=\"text-editor.default\">\n\t\t\t\t<div class=\"elementor-widget-container\">\n\t\t\t\t\t\t\t\t\t<p>Autrement capables<\/p>\t\t\t\t\t\t\t\t<\/div>\n\t\t\t\t<\/div>\n\t\t\t\t<\/div>\n\t\t\t\t<div class=\"elementor-element elementor-element-538512c elementor-widget__width-initial elementor-widget elementor-widget-image\" data-id=\"538512c\" data-element_type=\"widget\" data-e-type=\"widget\" data-widget_type=\"image.default\">\n\t\t\t\t<div class=\"elementor-widget-container\">\n\t\t\t\t\t\t\t\t\t\t\t\t\t\t\t\t<a href=\"https:\/\/exhibitgroup.fr\/wp-content\/uploads\/33371_1728401007-scaled.jpg\" data-elementor-open-lightbox=\"yes\" data-elementor-lightbox-title=\"paralympique\" data-e-action-hash=\"#elementor-action%3Aaction%3Dlightbox%26settings%3DeyJpZCI6NzMzNSwidXJsIjoiaHR0cHM6XC9cL2V4aGliaXRncm91cC5mclwvd3AtY29udGVudFwvdXBsb2Fkc1wvMzMzNzFfMTcyODQwMTAwNy1zY2FsZWQuanBnIn0%3D\">\n\t\t\t\t\t\t\t<img fetchpriority=\"high\" decoding=\"async\" width=\"2560\" height=\"1920\" src=\"https:\/\/exhibitgroup.fr\/wp-content\/uploads\/33371_1728401007-scaled.jpg\" class=\"attachment-full size-full wp-image-7335\" alt=\"\" \/>\t\t\t\t\t\t\t\t<\/a>\n\t\t\t\t\t\t\t\t\t\t\t\t\t\t\t<\/div>\n\t\t\t\t<\/div>\n\t\t\t\t<\/div>\n\t\t<div class=\"elementor-element elementor-element-0763a2e e-con-full e-flex e-con e-child\" data-id=\"0763a2e\" data-element_type=\"container\" data-e-type=\"container\">\n\t\t\t\t<div class=\"elementor-element elementor-element-2f99ec1 elementor-widget elementor-widget-image\" data-id=\"2f99ec1\" data-element_type=\"widget\" data-e-type=\"widget\" data-widget_type=\"image.default\">\n\t\t\t\t<div class=\"elementor-widget-container\">\n\t\t\t\t\t\t\t\t\t\t\t\t\t\t\t\t<a href=\"https:\/\/exhibitgroup.fr\/wp-content\/uploads\/33844_1728401410-scaled.jpg\" data-elementor-open-lightbox=\"yes\" data-elementor-lightbox-title=\"paralympique\" data-e-action-hash=\"#elementor-action%3Aaction%3Dlightbox%26settings%3DeyJpZCI6NzMzNywidXJsIjoiaHR0cHM6XC9cL2V4aGliaXRncm91cC5mclwvd3AtY29udGVudFwvdXBsb2Fkc1wvMzM4NDRfMTcyODQwMTQxMC1zY2FsZWQuanBnIn0%3D\">\n\t\t\t\t\t\t\t<img decoding=\"async\" width=\"2560\" height=\"1920\" src=\"https:\/\/exhibitgroup.fr\/wp-content\/uploads\/33844_1728401410-scaled.jpg\" class=\"attachment-full size-full wp-image-7337\" alt=\"\" \/>\t\t\t\t\t\t\t\t<\/a>\n\t\t\t\t\t\t\t\t\t\t\t\t\t\t\t<\/div>\n\t\t\t\t<\/div>\n\t\t\t\t<\/div>\n\t\t<div class=\"elementor-element elementor-element-5450b4b e-con-full e-flex e-con e-child\" data-id=\"5450b4b\" data-element_type=\"container\" data-e-type=\"container\">\n\t\t<div class=\"elementor-element elementor-element-d152b94 e-con-full e-flex e-con e-child\" data-id=\"d152b94\" data-element_type=\"container\" data-e-type=\"container\">\n\t\t\t\t<div class=\"elementor-element elementor-element-fa8ba2f elementor-widget elementor-widget-image\" data-id=\"fa8ba2f\" data-element_type=\"widget\" data-e-type=\"widget\" data-widget_type=\"image.default\">\n\t\t\t\t<div class=\"elementor-widget-container\">\n\t\t\t\t\t\t\t\t\t\t\t\t\t\t\t\t<a href=\"https:\/\/exhibitgroup.fr\/wp-content\/uploads\/33845_1728401425_1200_1200_frame.jpg\" data-elementor-open-lightbox=\"yes\" data-elementor-lightbox-title=\"paralympique\" data-e-action-hash=\"#elementor-action%3Aaction%3Dlightbox%26settings%3DeyJpZCI6NzMzOCwidXJsIjoiaHR0cHM6XC9cL2V4aGliaXRncm91cC5mclwvd3AtY29udGVudFwvdXBsb2Fkc1wvMzM4NDVfMTcyODQwMTQyNV8xMjAwXzEyMDBfZnJhbWUuanBnIn0%3D\">\n\t\t\t\t\t\t\t<img decoding=\"async\" width=\"1200\" height=\"900\" src=\"https:\/\/exhibitgroup.fr\/wp-content\/uploads\/33845_1728401425_1200_1200_frame.jpg\" class=\"attachment-full size-full wp-image-7338\" alt=\"\" \/>\t\t\t\t\t\t\t\t<\/a>\n\t\t\t\t\t\t\t\t\t\t\t\t\t\t\t<\/div>\n\t\t\t\t<\/div>\n\t\t\t\t<div class=\"elementor-element elementor-element-e29fe99 elementor-widget elementor-widget-image\" data-id=\"e29fe99\" data-element_type=\"widget\" data-e-type=\"widget\" data-widget_type=\"image.default\">\n\t\t\t\t<div class=\"elementor-widget-container\">\n\t\t\t\t\t\t\t\t\t\t\t\t\t\t\t\t<a href=\"https:\/\/exhibitgroup.fr\/wp-content\/uploads\/33846_1728401439_1200_1200_frame.jpg\" data-elementor-open-lightbox=\"yes\" data-elementor-lightbox-title=\"paralympique\" data-e-action-hash=\"#elementor-action%3Aaction%3Dlightbox%26settings%3DeyJpZCI6NzMzOSwidXJsIjoiaHR0cHM6XC9cL2V4aGliaXRncm91cC5mclwvd3AtY29udGVudFwvdXBsb2Fkc1wvMzM4NDZfMTcyODQwMTQzOV8xMjAwXzEyMDBfZnJhbWUuanBnIn0%3D\">\n\t\t\t\t\t\t\t<img loading=\"lazy\" decoding=\"async\" width=\"1200\" height=\"900\" src=\"https:\/\/exhibitgroup.fr\/wp-content\/uploads\/33846_1728401439_1200_1200_frame.jpg\" class=\"attachment-full size-full wp-image-7339\" alt=\"\" \/>\t\t\t\t\t\t\t\t<\/a>\n\t\t\t\t\t\t\t\t\t\t\t\t\t\t\t<\/div>\n\t\t\t\t<\/div>\n\t\t\t\t<\/div>\n\t\t<div class=\"elementor-element elementor-element-e84e27e e-con-full e-flex e-con e-child\" data-id=\"e84e27e\" data-element_type=\"container\" data-e-type=\"container\" data-settings=\"{&quot;background_background&quot;:&quot;classic&quot;}\">\n\t\t\t\t<div class=\"elementor-element elementor-element-5cc400a elementor-widget elementor-widget-heading\" data-id=\"5cc400a\" data-element_type=\"widget\" data-e-type=\"widget\" data-widget_type=\"heading.default\">\n\t\t\t\t<div class=\"elementor-widget-container\">\n\t\t\t\t\t<h2 class=\"elementor-heading-title elementor-size-default\">Sport &amp; inclusion<\/h2>\t\t\t\t<\/div>\n\t\t\t\t<\/div>\n\t\t\t\t<div class=\"elementor-element elementor-element-7abe919 elementor-widget__width-initial elementor-widget elementor-widget-text-editor\" data-id=\"7abe919\" data-element_type=\"widget\" data-e-type=\"widget\" data-widget_type=\"text-editor.default\">\n\t\t\t\t<div class=\"elementor-widget-container\">\n\t\t\t\t\t\t\t\t\t<p>\u00c0\u00a0l&rsquo;occasion de PARIS 2024,\u00a0le <a title=\"Panth\u00e9on\" href=\"https:\/\/www.paris-pantheon.fr\/\" target=\"_blank\" rel=\"noopener noreferrer\">Panth\u00e9on<\/a> se transforme en lieu de c\u00e9l\u00e9bration de l\u2019histoire des athl\u00e8tes paralympiques. \u00ab <a title=\"Histoires paralympiques : De l\u2019int\u00e9gration sportive \u00e0 l\u2019inclusion sociale (1948-2024)\" href=\"https:\/\/www.paris-pantheon.fr\/agenda\/histoires-paralympiques.-de-l-integration-sportive-a-l-inclusion-sociale-1948-2024\" target=\"_blank\" rel=\"noopener noreferrer\">Histoires paralympiques : De l\u2019int\u00e9gration sportive \u00e0 l\u2019inclusion sociale (1948-2024)<\/a>\u00a0\u00bb retrace l\u2019\u00e9volution du sport paralympique et son impact sur la perception des personnes handicap\u00e9es dans la soci\u00e9t\u00e9.<\/p><p><a title=\"Atelier Delta\u00e8dre\" href=\"https:\/\/atelier-deltaedre.com\/\" target=\"_blank\" rel=\"noopener noreferrer\">Atelier Delta\u00e8dre<\/a> nous a confi\u00e9 la r\u00e9alisation des d\u00e9cors et de la signal\u00e9tique de cette exposition in\u00e9dite qui\u00a0met en lumi\u00e8re l\u2019histoire de ce combat pour l\u2019\u00e9mancipation et l\u2019\u00e9galit\u00e9, depuis les\u00a0premiers Jeux para-olympiques organis\u00e9s en 1960 en Italie, \u00e0 Rome, jusqu&rsquo;\u00e0 cette ann\u00e9e d&rsquo;accueil des Jeux en France.<\/p>\t\t\t\t\t\t\t\t<\/div>\n\t\t\t\t<\/div>\n\t\t\t\t<\/div>\n\t\t\t\t<\/div>\n\t\t<div class=\"elementor-element elementor-element-3dd66a3 e-con-full e-flex e-con e-child\" data-id=\"3dd66a3\" data-element_type=\"container\" data-e-type=\"container\">\n\t\t\t\t<div class=\"elementor-element elementor-element-a5ab4cf elementor-widget elementor-widget-image\" data-id=\"a5ab4cf\" data-element_type=\"widget\" data-e-type=\"widget\" data-widget_type=\"image.default\">\n\t\t\t\t<div class=\"elementor-widget-container\">\n\t\t\t\t\t\t\t\t\t\t\t\t\t\t\t\t<a href=\"https:\/\/exhibitgroup.fr\/wp-content\/uploads\/33854_1728401712_1920_1080_crop.jpg\" data-elementor-open-lightbox=\"yes\" data-elementor-lightbox-title=\"paralympique\" data-e-action-hash=\"#elementor-action%3Aaction%3Dlightbox%26settings%3DeyJpZCI6NzM0MCwidXJsIjoiaHR0cHM6XC9cL2V4aGliaXRncm91cC5mclwvd3AtY29udGVudFwvdXBsb2Fkc1wvMzM4NTRfMTcyODQwMTcxMl8xOTIwXzEwODBfY3JvcC5qcGcifQ%3D%3D\">\n\t\t\t\t\t\t\t<img loading=\"lazy\" decoding=\"async\" width=\"1920\" height=\"1080\" src=\"https:\/\/exhibitgroup.fr\/wp-content\/uploads\/33854_1728401712_1920_1080_crop.jpg\" class=\"attachment-full size-full wp-image-7340\" alt=\"\" \/>\t\t\t\t\t\t\t\t<\/a>\n\t\t\t\t\t\t\t\t\t\t\t\t\t\t\t<\/div>\n\t\t\t\t<\/div>\n\t\t\t\t<\/div>\n\t\t<div class=\"elementor-element elementor-element-5302ed5 e-con-full e-flex e-con e-child\" data-id=\"5302ed5\" data-element_type=\"container\" data-e-type=\"container\">\n\t\t<div class=\"elementor-element elementor-element-a989c55 e-con-full e-flex e-con e-child\" data-id=\"a989c55\" data-element_type=\"container\" data-e-type=\"container\">\n\t\t\t\t<div class=\"elementor-element elementor-element-c47e021 elementor-widget elementor-widget-image\" data-id=\"c47e021\" data-element_type=\"widget\" data-e-type=\"widget\" data-widget_type=\"image.default\">\n\t\t\t\t<div class=\"elementor-widget-container\">\n\t\t\t\t\t\t\t\t\t\t\t\t\t\t\t\t<a href=\"https:\/\/exhibitgroup.fr\/wp-content\/uploads\/33843_1728401284_2400_2400_frame.jpg\" data-elementor-open-lightbox=\"yes\" data-elementor-lightbox-title=\"paralympique\" data-e-action-hash=\"#elementor-action%3Aaction%3Dlightbox%26settings%3DeyJpZCI6NzM0MSwidXJsIjoiaHR0cHM6XC9cL2V4aGliaXRncm91cC5mclwvd3AtY29udGVudFwvdXBsb2Fkc1wvMzM4NDNfMTcyODQwMTI4NF8yNDAwXzI0MDBfZnJhbWUuanBnIn0%3D\">\n\t\t\t\t\t\t\t<img loading=\"lazy\" decoding=\"async\" width=\"1800\" height=\"2400\" src=\"https:\/\/exhibitgroup.fr\/wp-content\/uploads\/33843_1728401284_2400_2400_frame.jpg\" class=\"attachment-full size-full wp-image-7341\" alt=\"\" \/>\t\t\t\t\t\t\t\t<\/a>\n\t\t\t\t\t\t\t\t\t\t\t\t\t\t\t<\/div>\n\t\t\t\t<\/div>\n\t\t\t\t<div class=\"elementor-element elementor-element-8cb6486 elementor-widget elementor-widget-image\" data-id=\"8cb6486\" data-element_type=\"widget\" data-e-type=\"widget\" data-widget_type=\"image.default\">\n\t\t\t\t<div class=\"elementor-widget-container\">\n\t\t\t\t\t\t\t\t\t\t\t\t\t\t\t\t<a href=\"https:\/\/exhibitgroup.fr\/wp-content\/uploads\/33850_1728401492.jpg\" data-elementor-open-lightbox=\"yes\" data-elementor-lightbox-title=\"paralympique\" data-e-action-hash=\"#elementor-action%3Aaction%3Dlightbox%26settings%3DeyJpZCI6NzM0MywidXJsIjoiaHR0cHM6XC9cL2V4aGliaXRncm91cC5mclwvd3AtY29udGVudFwvdXBsb2Fkc1wvMzM4NTBfMTcyODQwMTQ5Mi5qcGcifQ%3D%3D\">\n\t\t\t\t\t\t\t<img loading=\"lazy\" decoding=\"async\" width=\"1600\" height=\"1200\" src=\"https:\/\/exhibitgroup.fr\/wp-content\/uploads\/33850_1728401492.jpg\" class=\"attachment-full size-full wp-image-7343\" alt=\"\" \/>\t\t\t\t\t\t\t\t<\/a>\n\t\t\t\t\t\t\t\t\t\t\t\t\t\t\t<\/div>\n\t\t\t\t<\/div>\n\t\t\t\t<div class=\"elementor-element elementor-element-4d7756b elementor-widget elementor-widget-image\" data-id=\"4d7756b\" data-element_type=\"widget\" data-e-type=\"widget\" data-widget_type=\"image.default\">\n\t\t\t\t<div class=\"elementor-widget-container\">\n\t\t\t\t\t\t\t\t\t\t\t\t\t\t\t\t<a href=\"https:\/\/exhibitgroup.fr\/wp-content\/uploads\/33847_1728401469-scaled.jpg\" data-elementor-open-lightbox=\"yes\" data-elementor-lightbox-title=\"paralympique\" data-e-action-hash=\"#elementor-action%3Aaction%3Dlightbox%26settings%3DeyJpZCI6NzM0MiwidXJsIjoiaHR0cHM6XC9cL2V4aGliaXRncm91cC5mclwvd3AtY29udGVudFwvdXBsb2Fkc1wvMzM4NDdfMTcyODQwMTQ2OS1zY2FsZWQuanBnIn0%3D\">\n\t\t\t\t\t\t\t<img loading=\"lazy\" decoding=\"async\" width=\"2560\" height=\"1920\" src=\"https:\/\/exhibitgroup.fr\/wp-content\/uploads\/33847_1728401469-scaled.jpg\" class=\"attachment-full size-full wp-image-7342\" alt=\"\" \/>\t\t\t\t\t\t\t\t<\/a>\n\t\t\t\t\t\t\t\t\t\t\t\t\t\t\t<\/div>\n\t\t\t\t<\/div>\n\t\t\t\t<\/div>\n\t\t<div class=\"elementor-element elementor-element-d17b857 e-con-full e-flex e-con e-child\" data-id=\"d17b857\" data-element_type=\"container\" data-e-type=\"container\" data-settings=\"{&quot;background_background&quot;:&quot;classic&quot;}\">\n\t\t\t\t<div class=\"elementor-element elementor-element-94a070f elementor-widget elementor-widget-heading\" data-id=\"94a070f\" data-element_type=\"widget\" data-e-type=\"widget\" data-widget_type=\"heading.default\">\n\t\t\t\t<div class=\"elementor-widget-container\">\n\t\t\t\t\t<h2 class=\"elementor-heading-title elementor-size-default\">Expectations<\/h2>\t\t\t\t<\/div>\n\t\t\t\t<\/div>\n\t\t\t\t<div class=\"elementor-element elementor-element-7b2f9e4 elementor-widget elementor-widget-text-editor\" data-id=\"7b2f9e4\" data-element_type=\"widget\" data-e-type=\"widget\" data-widget_type=\"text-editor.default\">\n\t\t\t\t<div class=\"elementor-widget-container\">\n\t\t\t\t\t\t\t\t\t<p><strong>\u00c0\u00a0partir de la sc\u00e9nographie imagin\u00e9e par <a title=\"Atelier Delta\u00e8dre\" href=\"https:\/\/atelier-deltaedre.com\/\" target=\"_blank\" rel=\"noopener noreferrer\">Atelier Delta\u00e8dre<\/a>, nous avons \u00e9mis des pr\u00e9conisations techniques afin de proposer les supports grands formats les plus adapt\u00e9s\u00a0pour mettre en lumi\u00e8re les performances des personnalit\u00e9s et athl\u00e8tes ayant\u00a0\u0153uvr\u00e9\u00a0pour la reconnaissance du sport paralympique.\u00a0<\/strong><\/p><p>Un soin particulier a \u00e9t\u00e9 apport\u00e9 \u00e0 la qualit\u00e9 des r\u00e9alisations, l&rsquo;impression des d\u00e9cors assurant une parfaite mise en valeur de chaque d\u00e9tail sc\u00e9nographique,\u00a0et leur mise en place dans ce lieu de m\u00e9moire historique.<\/p><p>Notre principal d\u00e9fi\u00a0: reconstituer une piste d\u2019athl\u00e9tisme dans ce cadre somptueux \u00e0 l\u2019aide de lino imprim\u00e9 dans nos ateliers, dont la mise en place sur une cimaise de 6 m\u00e8tres de haut a n\u00e9cessit\u00e9 toute l\u2019adresse de nos poseurs int\u00e9gr\u00e9s.\u00a0<\/p><p>Cette exposition dans un monument historique se distingue par sa sc\u00e9nographie pens\u00e9e pour \u00eatre accessible \u00e0 tous les publics, y compris les personnes en situation de handicap. Des stations de consultation en position assise, des dessins tactiles, des objets \u00e0 toucher, ainsi que des contenus en braille et en gros caract\u00e8res sont int\u00e9gr\u00e9s pour assurer une exp\u00e9rience multi-sensorielle. Les contenus audiovisuels sont sous-titr\u00e9s et des vid\u00e9os en Langue des signes fran\u00e7aise et internationale sont disponibles.\u00a0<\/p><p>L\u2019inclusion des personnes en situation de handicap est un th\u00e8me qui nous tient particuli\u00e8rement \u00e0 c\u0153ur chez Exhibit Group.\u00a0<\/p><p>Nous sommes heureux de pouvoir contribuer \u00e0 la valorisation de ces talents \u00ab\u00a0autrement capables \u00bb.\u00a0\u00a0<\/p>\t\t\t\t\t\t\t\t<\/div>\n\t\t\t\t<\/div>\n\t\t\t\t<\/div>\n\t\t\t\t<\/div>\n\t\t<div class=\"elementor-element elementor-element-184bc90 e-con-full e-flex e-con e-child\" data-id=\"184bc90\" data-element_type=\"container\" data-e-type=\"container\">\n\t\t\t\t<div class=\"elementor-element elementor-element-2547eb6 elementor-widget elementor-widget-image\" data-id=\"2547eb6\" data-element_type=\"widget\" data-e-type=\"widget\" data-widget_type=\"image.default\">\n\t\t\t\t<div class=\"elementor-widget-container\">\n\t\t\t\t\t\t\t\t\t\t\t\t\t\t\t\t<a href=\"https:\/\/exhibitgroup.fr\/wp-content\/uploads\/33845_1728401425-scaled.jpg\" data-elementor-open-lightbox=\"yes\" data-elementor-lightbox-title=\"paralympique\" data-e-action-hash=\"#elementor-action%3Aaction%3Dlightbox%26settings%3DeyJpZCI6NzM0NCwidXJsIjoiaHR0cHM6XC9cL2V4aGliaXRncm91cC5mclwvd3AtY29udGVudFwvdXBsb2Fkc1wvMzM4NDVfMTcyODQwMTQyNS1zY2FsZWQuanBnIn0%3D\">\n\t\t\t\t\t\t\t<img loading=\"lazy\" decoding=\"async\" width=\"2560\" height=\"1920\" src=\"https:\/\/exhibitgroup.fr\/wp-content\/uploads\/33845_1728401425-scaled.jpg\" class=\"attachment-full size-full wp-image-7344\" alt=\"\" \/>\t\t\t\t\t\t\t\t<\/a>\n\t\t\t\t\t\t\t\t\t\t\t\t\t\t\t<\/div>\n\t\t\t\t<\/div>\n\t\t\t\t<\/div>\n\t\t\t\t\t<\/div>\n\t\t\t\t<\/div>\n\t\t\t\t<\/div>\n\t\t","protected":false},"excerpt":{"rendered":"<p>Autrement capable<\/p>\n","protected":false},"author":6,"featured_media":7335,"comment_status":"closed","ping_status":"closed","sticky":false,"template":"","format":"standard","meta":{"_acf_changed":false,"footnotes":""},"categories":[9],"tags":[24,25,26],"univers":[17,82],"class_list":["post-7334","post","type-post","status-publish","format-standard","has-post-thumbnail","hentry","category-print","tag-print","tag-event","tag-museographie","univers-sport","univers-culture"],"acf":[],"yoast_head":"<!-- This site is optimized with the Yoast SEO plugin v27.4 - https:\/\/yoast.com\/product\/yoast-seo-wordpress\/ -->\n<title>Histoires paralympiques au Panth\u00e9on - Exhibit Group<\/title>\n<meta name=\"robots\" content=\"index, follow, max-snippet:-1, max-image-preview:large, max-video-preview:-1\" \/>\n<link rel=\"canonical\" href=\"https:\/\/exhibitgroup.fr\/fr\/histoires-paralympiques-au-pantheon\/\" \/>\n<meta property=\"og:locale\" content=\"fr_FR\" \/>\n<meta property=\"og:type\" content=\"article\" \/>\n<meta property=\"og:title\" content=\"Histoires paralympiques au Panth\u00e9on - Exhibit Group\" \/>\n<meta property=\"og:description\" content=\"Autrement capable\" \/>\n<meta property=\"og:url\" content=\"https:\/\/exhibitgroup.fr\/fr\/histoires-paralympiques-au-pantheon\/\" \/>\n<meta property=\"og:site_name\" content=\"Exhibit Group\" \/>\n<meta property=\"article:publisher\" content=\"https:\/\/www.facebook.com\/ExhibitGroup.fr\/\" \/>\n<meta property=\"article:published_time\" content=\"2025-07-16T11:25:04+00:00\" \/>\n<meta property=\"article:modified_time\" content=\"2025-07-25T09:45:46+00:00\" \/>\n<meta property=\"og:image\" content=\"https:\/\/exhibitgroup.fr\/wp-content\/uploads\/33371_1728401007-scaled.jpg\" \/>\n\t<meta property=\"og:image:width\" content=\"4032\" \/>\n\t<meta property=\"og:image:height\" content=\"3024\" \/>\n\t<meta property=\"og:image:type\" content=\"image\/jpeg\" \/>\n<meta name=\"author\" content=\"Caroline\" \/>\n<meta name=\"twitter:card\" content=\"summary_large_image\" \/>\n<meta name=\"twitter:label1\" content=\"\u00c9crit par\" \/>\n\t<meta name=\"twitter:data1\" content=\"Caroline\" \/>\n\t<meta name=\"twitter:label2\" content=\"Dur\u00e9e de lecture estim\u00e9e\" \/>\n\t<meta name=\"twitter:data2\" content=\"4 minutes\" \/>\n<script type=\"application\/ld+json\" class=\"yoast-schema-graph\">{\"@context\":\"https:\\\/\\\/schema.org\",\"@graph\":[{\"@type\":\"Article\",\"@id\":\"https:\\\/\\\/exhibitgroup.fr\\\/histoires-paralympiques-au-pantheon\\\/#article\",\"isPartOf\":{\"@id\":\"https:\\\/\\\/exhibitgroup.fr\\\/histoires-paralympiques-au-pantheon\\\/\"},\"author\":{\"name\":\"Caroline\",\"@id\":\"https:\\\/\\\/exhibitgroup.fr\\\/fr\\\/#\\\/schema\\\/person\\\/12bff46011088e10d40d17a8912f6ba1\"},\"headline\":\"Histoires paralympiques au Panth\u00e9on\",\"datePublished\":\"2025-07-16T11:25:04+00:00\",\"dateModified\":\"2025-07-25T09:45:46+00:00\",\"mainEntityOfPage\":{\"@id\":\"https:\\\/\\\/exhibitgroup.fr\\\/histoires-paralympiques-au-pantheon\\\/\"},\"wordCount\":382,\"publisher\":{\"@id\":\"https:\\\/\\\/exhibitgroup.fr\\\/fr\\\/#organization\"},\"image\":{\"@id\":\"https:\\\/\\\/exhibitgroup.fr\\\/histoires-paralympiques-au-pantheon\\\/#primaryimage\"},\"thumbnailUrl\":\"https:\\\/\\\/exhibitgroup.fr\\\/wp-content\\\/uploads\\\/33371_1728401007-scaled.jpg\",\"keywords\":[\"Print\",\"Event\",\"Mus\u00e9ographie\"],\"articleSection\":[\"Print\"],\"inLanguage\":\"fr-FR\"},{\"@type\":\"WebPage\",\"@id\":\"https:\\\/\\\/exhibitgroup.fr\\\/histoires-paralympiques-au-pantheon\\\/\",\"url\":\"https:\\\/\\\/exhibitgroup.fr\\\/histoires-paralympiques-au-pantheon\\\/\",\"name\":\"Histoires paralympiques au Panth\u00e9on - Exhibit Group\",\"isPartOf\":{\"@id\":\"https:\\\/\\\/exhibitgroup.fr\\\/fr\\\/#website\"},\"primaryImageOfPage\":{\"@id\":\"https:\\\/\\\/exhibitgroup.fr\\\/histoires-paralympiques-au-pantheon\\\/#primaryimage\"},\"image\":{\"@id\":\"https:\\\/\\\/exhibitgroup.fr\\\/histoires-paralympiques-au-pantheon\\\/#primaryimage\"},\"thumbnailUrl\":\"https:\\\/\\\/exhibitgroup.fr\\\/wp-content\\\/uploads\\\/33371_1728401007-scaled.jpg\",\"datePublished\":\"2025-07-16T11:25:04+00:00\",\"dateModified\":\"2025-07-25T09:45:46+00:00\",\"breadcrumb\":{\"@id\":\"https:\\\/\\\/exhibitgroup.fr\\\/histoires-paralympiques-au-pantheon\\\/#breadcrumb\"},\"inLanguage\":\"fr-FR\",\"potentialAction\":[{\"@type\":\"ReadAction\",\"target\":[\"https:\\\/\\\/exhibitgroup.fr\\\/histoires-paralympiques-au-pantheon\\\/\"]}]},{\"@type\":\"ImageObject\",\"inLanguage\":\"fr-FR\",\"@id\":\"https:\\\/\\\/exhibitgroup.fr\\\/histoires-paralympiques-au-pantheon\\\/#primaryimage\",\"url\":\"https:\\\/\\\/exhibitgroup.fr\\\/wp-content\\\/uploads\\\/33371_1728401007-scaled.jpg\",\"contentUrl\":\"https:\\\/\\\/exhibitgroup.fr\\\/wp-content\\\/uploads\\\/33371_1728401007-scaled.jpg\",\"width\":2560,\"height\":1920},{\"@type\":\"BreadcrumbList\",\"@id\":\"https:\\\/\\\/exhibitgroup.fr\\\/histoires-paralympiques-au-pantheon\\\/#breadcrumb\",\"itemListElement\":[{\"@type\":\"ListItem\",\"position\":1,\"name\":\"Accueil\",\"item\":\"https:\\\/\\\/exhibitgroup.fr\\\/\"},{\"@type\":\"ListItem\",\"position\":2,\"name\":\"Histoires paralympiques au Panth\u00e9on\"}]},{\"@type\":\"WebSite\",\"@id\":\"https:\\\/\\\/exhibitgroup.fr\\\/fr\\\/#website\",\"url\":\"https:\\\/\\\/exhibitgroup.fr\\\/fr\\\/\",\"name\":\"Exhibit Group\",\"description\":\"\",\"publisher\":{\"@id\":\"https:\\\/\\\/exhibitgroup.fr\\\/fr\\\/#organization\"},\"potentialAction\":[{\"@type\":\"SearchAction\",\"target\":{\"@type\":\"EntryPoint\",\"urlTemplate\":\"https:\\\/\\\/exhibitgroup.fr\\\/fr\\\/?s={search_term_string}\"},\"query-input\":{\"@type\":\"PropertyValueSpecification\",\"valueRequired\":true,\"valueName\":\"search_term_string\"}}],\"inLanguage\":\"fr-FR\"},{\"@type\":\"Organization\",\"@id\":\"https:\\\/\\\/exhibitgroup.fr\\\/fr\\\/#organization\",\"name\":\"Exhibit Group\",\"url\":\"https:\\\/\\\/exhibitgroup.fr\\\/fr\\\/\",\"logo\":{\"@type\":\"ImageObject\",\"inLanguage\":\"fr-FR\",\"@id\":\"https:\\\/\\\/exhibitgroup.fr\\\/fr\\\/#\\\/schema\\\/logo\\\/image\\\/\",\"url\":\"https:\\\/\\\/exhibitgroup.fr\\\/wp-content\\\/uploads\\\/EXHIBIT_GROUP_LOGO.jpg\",\"contentUrl\":\"https:\\\/\\\/exhibitgroup.fr\\\/wp-content\\\/uploads\\\/EXHIBIT_GROUP_LOGO.jpg\",\"width\":2373,\"height\":675,\"caption\":\"Exhibit Group\"},\"image\":{\"@id\":\"https:\\\/\\\/exhibitgroup.fr\\\/fr\\\/#\\\/schema\\\/logo\\\/image\\\/\"},\"sameAs\":[\"https:\\\/\\\/www.facebook.com\\\/ExhibitGroup.fr\\\/\",\"https:\\\/\\\/fr.linkedin.com\\\/company\\\/exhibit-group_2\"]},{\"@type\":\"Person\",\"@id\":\"https:\\\/\\\/exhibitgroup.fr\\\/fr\\\/#\\\/schema\\\/person\\\/12bff46011088e10d40d17a8912f6ba1\",\"name\":\"Caroline\",\"image\":{\"@type\":\"ImageObject\",\"inLanguage\":\"fr-FR\",\"@id\":\"https:\\\/\\\/secure.gravatar.com\\\/avatar\\\/b742905a0e6352554ed66a91fe56e2dd768f2154eb4cdc715f7cccba9c7a5802?s=96&d=mm&r=g\",\"url\":\"https:\\\/\\\/secure.gravatar.com\\\/avatar\\\/b742905a0e6352554ed66a91fe56e2dd768f2154eb4cdc715f7cccba9c7a5802?s=96&d=mm&r=g\",\"contentUrl\":\"https:\\\/\\\/secure.gravatar.com\\\/avatar\\\/b742905a0e6352554ed66a91fe56e2dd768f2154eb4cdc715f7cccba9c7a5802?s=96&d=mm&r=g\",\"caption\":\"Caroline\"},\"url\":\"https:\\\/\\\/exhibitgroup.fr\\\/fr\\\/author\\\/caro\\\/\"}]}<\/script>\n<!-- \/ Yoast SEO plugin. -->","yoast_head_json":{"title":"Histoires paralympiques au Panth\u00e9on - Exhibit Group","robots":{"index":"index","follow":"follow","max-snippet":"max-snippet:-1","max-image-preview":"max-image-preview:large","max-video-preview":"max-video-preview:-1"},"canonical":"https:\/\/exhibitgroup.fr\/fr\/histoires-paralympiques-au-pantheon\/","og_locale":"fr_FR","og_type":"article","og_title":"Histoires paralympiques au Panth\u00e9on - Exhibit Group","og_description":"Autrement capable","og_url":"https:\/\/exhibitgroup.fr\/fr\/histoires-paralympiques-au-pantheon\/","og_site_name":"Exhibit Group","article_publisher":"https:\/\/www.facebook.com\/ExhibitGroup.fr\/","article_published_time":"2025-07-16T11:25:04+00:00","article_modified_time":"2025-07-25T09:45:46+00:00","og_image":[{"width":4032,"height":3024,"url":"https:\/\/exhibitgroup.fr\/wp-content\/uploads\/33371_1728401007-scaled.jpg","type":"image\/jpeg"}],"author":"Caroline","twitter_card":"summary_large_image","twitter_misc":{"\u00c9crit par":"Caroline","Dur\u00e9e de lecture estim\u00e9e":"4 minutes"},"schema":{"@context":"https:\/\/schema.org","@graph":[{"@type":"Article","@id":"https:\/\/exhibitgroup.fr\/histoires-paralympiques-au-pantheon\/#article","isPartOf":{"@id":"https:\/\/exhibitgroup.fr\/histoires-paralympiques-au-pantheon\/"},"author":{"name":"Caroline","@id":"https:\/\/exhibitgroup.fr\/fr\/#\/schema\/person\/12bff46011088e10d40d17a8912f6ba1"},"headline":"Histoires paralympiques au Panth\u00e9on","datePublished":"2025-07-16T11:25:04+00:00","dateModified":"2025-07-25T09:45:46+00:00","mainEntityOfPage":{"@id":"https:\/\/exhibitgroup.fr\/histoires-paralympiques-au-pantheon\/"},"wordCount":382,"publisher":{"@id":"https:\/\/exhibitgroup.fr\/fr\/#organization"},"image":{"@id":"https:\/\/exhibitgroup.fr\/histoires-paralympiques-au-pantheon\/#primaryimage"},"thumbnailUrl":"https:\/\/exhibitgroup.fr\/wp-content\/uploads\/33371_1728401007-scaled.jpg","keywords":["Print","Event","Mus\u00e9ographie"],"articleSection":["Print"],"inLanguage":"fr-FR"},{"@type":"WebPage","@id":"https:\/\/exhibitgroup.fr\/histoires-paralympiques-au-pantheon\/","url":"https:\/\/exhibitgroup.fr\/histoires-paralympiques-au-pantheon\/","name":"Histoires paralympiques au Panth\u00e9on - Exhibit Group","isPartOf":{"@id":"https:\/\/exhibitgroup.fr\/fr\/#website"},"primaryImageOfPage":{"@id":"https:\/\/exhibitgroup.fr\/histoires-paralympiques-au-pantheon\/#primaryimage"},"image":{"@id":"https:\/\/exhibitgroup.fr\/histoires-paralympiques-au-pantheon\/#primaryimage"},"thumbnailUrl":"https:\/\/exhibitgroup.fr\/wp-content\/uploads\/33371_1728401007-scaled.jpg","datePublished":"2025-07-16T11:25:04+00:00","dateModified":"2025-07-25T09:45:46+00:00","breadcrumb":{"@id":"https:\/\/exhibitgroup.fr\/histoires-paralympiques-au-pantheon\/#breadcrumb"},"inLanguage":"fr-FR","potentialAction":[{"@type":"ReadAction","target":["https:\/\/exhibitgroup.fr\/histoires-paralympiques-au-pantheon\/"]}]},{"@type":"ImageObject","inLanguage":"fr-FR","@id":"https:\/\/exhibitgroup.fr\/histoires-paralympiques-au-pantheon\/#primaryimage","url":"https:\/\/exhibitgroup.fr\/wp-content\/uploads\/33371_1728401007-scaled.jpg","contentUrl":"https:\/\/exhibitgroup.fr\/wp-content\/uploads\/33371_1728401007-scaled.jpg","width":2560,"height":1920},{"@type":"BreadcrumbList","@id":"https:\/\/exhibitgroup.fr\/histoires-paralympiques-au-pantheon\/#breadcrumb","itemListElement":[{"@type":"ListItem","position":1,"name":"Accueil","item":"https:\/\/exhibitgroup.fr\/"},{"@type":"ListItem","position":2,"name":"Histoires paralympiques au Panth\u00e9on"}]},{"@type":"WebSite","@id":"https:\/\/exhibitgroup.fr\/fr\/#website","url":"https:\/\/exhibitgroup.fr\/fr\/","name":"Exhibit Group","description":"","publisher":{"@id":"https:\/\/exhibitgroup.fr\/fr\/#organization"},"potentialAction":[{"@type":"SearchAction","target":{"@type":"EntryPoint","urlTemplate":"https:\/\/exhibitgroup.fr\/fr\/?s={search_term_string}"},"query-input":{"@type":"PropertyValueSpecification","valueRequired":true,"valueName":"search_term_string"}}],"inLanguage":"fr-FR"},{"@type":"Organization","@id":"https:\/\/exhibitgroup.fr\/fr\/#organization","name":"Exhibit Group","url":"https:\/\/exhibitgroup.fr\/fr\/","logo":{"@type":"ImageObject","inLanguage":"fr-FR","@id":"https:\/\/exhibitgroup.fr\/fr\/#\/schema\/logo\/image\/","url":"https:\/\/exhibitgroup.fr\/wp-content\/uploads\/EXHIBIT_GROUP_LOGO.jpg","contentUrl":"https:\/\/exhibitgroup.fr\/wp-content\/uploads\/EXHIBIT_GROUP_LOGO.jpg","width":2373,"height":675,"caption":"Exhibit Group"},"image":{"@id":"https:\/\/exhibitgroup.fr\/fr\/#\/schema\/logo\/image\/"},"sameAs":["https:\/\/www.facebook.com\/ExhibitGroup.fr\/","https:\/\/fr.linkedin.com\/company\/exhibit-group_2"]},{"@type":"Person","@id":"https:\/\/exhibitgroup.fr\/fr\/#\/schema\/person\/12bff46011088e10d40d17a8912f6ba1","name":"Caroline","image":{"@type":"ImageObject","inLanguage":"fr-FR","@id":"https:\/\/secure.gravatar.com\/avatar\/b742905a0e6352554ed66a91fe56e2dd768f2154eb4cdc715f7cccba9c7a5802?s=96&d=mm&r=g","url":"https:\/\/secure.gravatar.com\/avatar\/b742905a0e6352554ed66a91fe56e2dd768f2154eb4cdc715f7cccba9c7a5802?s=96&d=mm&r=g","contentUrl":"https:\/\/secure.gravatar.com\/avatar\/b742905a0e6352554ed66a91fe56e2dd768f2154eb4cdc715f7cccba9c7a5802?s=96&d=mm&r=g","caption":"Caroline"},"url":"https:\/\/exhibitgroup.fr\/fr\/author\/caro\/"}]}},"_links":{"self":[{"href":"https:\/\/exhibitgroup.fr\/fr\/wp-json\/wp\/v2\/posts\/7334","targetHints":{"allow":["GET"]}}],"collection":[{"href":"https:\/\/exhibitgroup.fr\/fr\/wp-json\/wp\/v2\/posts"}],"about":[{"href":"https:\/\/exhibitgroup.fr\/fr\/wp-json\/wp\/v2\/types\/post"}],"author":[{"embeddable":true,"href":"https:\/\/exhibitgroup.fr\/fr\/wp-json\/wp\/v2\/users\/6"}],"replies":[{"embeddable":true,"href":"https:\/\/exhibitgroup.fr\/fr\/wp-json\/wp\/v2\/comments?post=7334"}],"version-history":[{"count":0,"href":"https:\/\/exhibitgroup.fr\/fr\/wp-json\/wp\/v2\/posts\/7334\/revisions"}],"wp:featuredmedia":[{"embeddable":true,"href":"https:\/\/exhibitgroup.fr\/fr\/wp-json\/wp\/v2\/media\/7335"}],"wp:attachment":[{"href":"https:\/\/exhibitgroup.fr\/fr\/wp-json\/wp\/v2\/media?parent=7334"}],"wp:term":[{"taxonomy":"category","embeddable":true,"href":"https:\/\/exhibitgroup.fr\/fr\/wp-json\/wp\/v2\/categories?post=7334"},{"taxonomy":"post_tag","embeddable":true,"href":"https:\/\/exhibitgroup.fr\/fr\/wp-json\/wp\/v2\/tags?post=7334"},{"taxonomy":"univers","embeddable":true,"href":"https:\/\/exhibitgroup.fr\/fr\/wp-json\/wp\/v2\/univers?post=7334"}],"curies":[{"name":"wp","href":"https:\/\/api.w.org\/{rel}","templated":true}]}}