{"id":3146,"date":"2025-06-01T22:16:01","date_gmt":"2025-06-01T22:16:01","guid":{"rendered":"https:\/\/exhibitgroup.fr\/?p=3146"},"modified":"2025-07-25T09:40:04","modified_gmt":"2025-07-25T09:40:04","slug":"le-fil-de-la-memoire","status":"publish","type":"post","link":"https:\/\/exhibitgroup.fr\/fr\/le-fil-de-la-memoire\/","title":{"rendered":"Le Fil de la M\u00e9moire"},"content":{"rendered":"\t\t<div data-elementor-type=\"wp-post\" data-elementor-id=\"3146\" class=\"elementor elementor-3146\" data-elementor-post-type=\"post\">\n\t\t\t\t<div class=\"elementor-element elementor-element-9eb0246 e-flex e-con-boxed e-con e-parent\" data-id=\"9eb0246\" data-element_type=\"container\" data-e-type=\"container\">\n\t\t\t\t\t<div class=\"e-con-inner\">\n\t\t<div class=\"elementor-element elementor-element-2e04d05 e-con-full e-flex e-con e-child\" data-id=\"2e04d05\" data-element_type=\"container\" data-e-type=\"container\">\n\t\t<div class=\"elementor-element elementor-element-414c0c4 e-con-full e-flex e-con e-child\" data-id=\"414c0c4\" data-element_type=\"container\" data-e-type=\"container\">\n\t\t\t\t<div class=\"elementor-element elementor-element-9f1603e elementor-widget__width-initial elementor-widget elementor-widget-heading\" data-id=\"9f1603e\" data-element_type=\"widget\" data-e-type=\"widget\" data-widget_type=\"heading.default\">\n\t\t\t\t<div class=\"elementor-widget-container\">\n\t\t\t\t\t<h1 class=\"elementor-heading-title elementor-size-default\">Le Fil de la M\u00e9moire<\/h1>\t\t\t\t<\/div>\n\t\t\t\t<\/div>\n\t\t\t\t<div class=\"elementor-element elementor-element-ab266ee elementor-widget__width-initial elementor-widget elementor-widget-text-editor\" data-id=\"ab266ee\" data-element_type=\"widget\" data-e-type=\"widget\" data-widget_type=\"text-editor.default\">\n\t\t\t\t<div class=\"elementor-widget-container\">\n\t\t\t\t\t\t\t\t\t<p>\u00c0 l\u2019occasion des 80 ans du D\u00e9barquement, l\u2019exposition<a title=\"Au Fil de la M\u00e9moire\" href=\"https:\/\/news.microsoft.com\/fr-fr\/2024\/06\/04\/le-fil-de-la-memoire-preserver-les-recits-des-derniers-heros-du-debarquement-pour-les-generations-futures\/\" target=\"_blank\" rel=\"noopener noreferrer\"> Au Fil de la M\u00e9moire <\/a>invite \u00e0 revivre les moments fondateurs de notre histoire, du <a title=\"D-Day\" href=\"https:\/\/www.normandie-tourisme.fr\/decouverte\/d-day-et-bataille-de-normandie\/\" target=\"_blank\" rel=\"noopener noreferrer\">D-Day<\/a> et de la Lib\u00e9ration de la France \u00e0 la bataille de Paris. Con\u00e7ue par<a title=\" ICONE M \" href=\"https:\/\/iconem.com\/\" target=\"_blank\" rel=\"noopener noreferrer\">ICONEM <\/a>et mise en lumi\u00e8re par ETC, cette sc\u00e9nographie immersive marie l\u2019innovation technologique \u00e0 la pr\u00e9servation des r\u00e9cits des derniers h\u00e9ros.<\/p>\t\t\t\t\t\t\t\t<\/div>\n\t\t\t\t<\/div>\n\t\t\t\t<\/div>\n\t\t\t\t<div class=\"elementor-element elementor-element-538512c elementor-widget__width-initial elementor-widget elementor-widget-image\" data-id=\"538512c\" data-element_type=\"widget\" data-e-type=\"widget\" data-widget_type=\"image.default\">\n\t\t\t\t<div class=\"elementor-widget-container\">\n\t\t\t\t\t\t\t\t\t\t\t\t\t\t\t\t<a href=\"https:\/\/exhibitgroup.fr\/wp-content\/uploads\/IMG_8442-1-scaled.jpg\" data-elementor-open-lightbox=\"yes\" data-elementor-lightbox-title=\"d-day\" data-e-action-hash=\"#elementor-action%3Aaction%3Dlightbox%26settings%3DeyJpZCI6MzE0OCwidXJsIjoiaHR0cHM6XC9cL2V4aGliaXRncm91cC5mclwvd3AtY29udGVudFwvdXBsb2Fkc1wvSU1HXzg0NDItMS1zY2FsZWQuanBnIn0%3D\">\n\t\t\t\t\t\t\t<img fetchpriority=\"high\" decoding=\"async\" width=\"1920\" height=\"2560\" src=\"https:\/\/exhibitgroup.fr\/wp-content\/uploads\/IMG_8442-1-scaled.jpg\" class=\"attachment-full size-full wp-image-3148\" alt=\"\" \/>\t\t\t\t\t\t\t\t<\/a>\n\t\t\t\t\t\t\t\t\t\t\t\t\t\t\t<\/div>\n\t\t\t\t<\/div>\n\t\t\t\t<\/div>\n\t\t<div class=\"elementor-element elementor-element-0763a2e e-con-full e-flex e-con e-child\" data-id=\"0763a2e\" data-element_type=\"container\" data-e-type=\"container\">\n\t\t\t\t<div class=\"elementor-element elementor-element-2f99ec1 elementor-widget elementor-widget-image\" data-id=\"2f99ec1\" data-element_type=\"widget\" data-e-type=\"widget\" data-widget_type=\"image.default\">\n\t\t\t\t<div class=\"elementor-widget-container\">\n\t\t\t\t\t\t\t\t\t\t\t\t\t\t\t\t<a href=\"https:\/\/exhibitgroup.fr\/wp-content\/uploads\/Capture-decran-2024-12-17-a-15.23.08.png\" data-elementor-open-lightbox=\"yes\" data-elementor-lightbox-title=\"d-day\" data-e-action-hash=\"#elementor-action%3Aaction%3Dlightbox%26settings%3DeyJpZCI6MzE0OSwidXJsIjoiaHR0cHM6XC9cL2V4aGliaXRncm91cC5mclwvd3AtY29udGVudFwvdXBsb2Fkc1wvQ2FwdHVyZS1kZWNyYW4tMjAyNC0xMi0xNy1hLTE1LjIzLjA4LnBuZyJ9\">\n\t\t\t\t\t\t\t<img decoding=\"async\" width=\"1102\" height=\"850\" src=\"https:\/\/exhibitgroup.fr\/wp-content\/uploads\/Capture-decran-2024-12-17-a-15.23.08.png\" class=\"attachment-full size-full wp-image-3149\" alt=\"\" \/>\t\t\t\t\t\t\t\t<\/a>\n\t\t\t\t\t\t\t\t\t\t\t\t\t\t\t<\/div>\n\t\t\t\t<\/div>\n\t\t\t\t<\/div>\n\t\t<div class=\"elementor-element elementor-element-5450b4b e-con-full e-flex e-con e-child\" data-id=\"5450b4b\" data-element_type=\"container\" data-e-type=\"container\">\n\t\t<div class=\"elementor-element elementor-element-d152b94 e-con-full e-flex e-con e-child\" data-id=\"d152b94\" data-element_type=\"container\" data-e-type=\"container\">\n\t\t\t\t<div class=\"elementor-element elementor-element-e29fe99 elementor-widget elementor-widget-image\" data-id=\"e29fe99\" data-element_type=\"widget\" data-e-type=\"widget\" data-widget_type=\"image.default\">\n\t\t\t\t<div class=\"elementor-widget-container\">\n\t\t\t\t\t\t\t\t\t\t\t\t\t\t\t\t<a href=\"https:\/\/exhibitgroup.fr\/wp-content\/uploads\/Capture-decran-2024-12-17-a-15.22.52-2.png\" data-elementor-open-lightbox=\"yes\" data-elementor-lightbox-title=\"d-day\" data-e-action-hash=\"#elementor-action%3Aaction%3Dlightbox%26settings%3DeyJpZCI6MzE1MCwidXJsIjoiaHR0cHM6XC9cL2V4aGliaXRncm91cC5mclwvd3AtY29udGVudFwvdXBsb2Fkc1wvQ2FwdHVyZS1kZWNyYW4tMjAyNC0xMi0xNy1hLTE1LjIyLjUyLTIucG5nIn0%3D\">\n\t\t\t\t\t\t\t<img decoding=\"async\" width=\"1102\" height=\"850\" src=\"https:\/\/exhibitgroup.fr\/wp-content\/uploads\/Capture-decran-2024-12-17-a-15.22.52-2.png\" class=\"attachment-full size-full wp-image-3150\" alt=\"\" \/>\t\t\t\t\t\t\t\t<\/a>\n\t\t\t\t\t\t\t\t\t\t\t\t\t\t\t<\/div>\n\t\t\t\t<\/div>\n\t\t\t\t<div class=\"elementor-element elementor-element-fa8ba2f elementor-widget elementor-widget-image\" data-id=\"fa8ba2f\" data-element_type=\"widget\" data-e-type=\"widget\" data-widget_type=\"image.default\">\n\t\t\t\t<div class=\"elementor-widget-container\">\n\t\t\t\t\t\t\t\t\t\t\t\t\t\t\t\t<a href=\"https:\/\/exhibitgroup.fr\/wp-content\/uploads\/IMG_4390-scaled.jpg\" data-elementor-open-lightbox=\"yes\" data-elementor-lightbox-title=\"d-day\" data-e-action-hash=\"#elementor-action%3Aaction%3Dlightbox%26settings%3DeyJpZCI6MzE1MSwidXJsIjoiaHR0cHM6XC9cL2V4aGliaXRncm91cC5mclwvd3AtY29udGVudFwvdXBsb2Fkc1wvSU1HXzQzOTAtc2NhbGVkLmpwZyJ9\">\n\t\t\t\t\t\t\t<img loading=\"lazy\" decoding=\"async\" width=\"1920\" height=\"2560\" src=\"https:\/\/exhibitgroup.fr\/wp-content\/uploads\/IMG_4390-scaled.jpg\" class=\"attachment-full size-full wp-image-3151\" alt=\"\" \/>\t\t\t\t\t\t\t\t<\/a>\n\t\t\t\t\t\t\t\t\t\t\t\t\t\t\t<\/div>\n\t\t\t\t<\/div>\n\t\t\t\t<\/div>\n\t\t<div class=\"elementor-element elementor-element-e84e27e e-con-full e-flex e-con e-child\" data-id=\"e84e27e\" data-element_type=\"container\" data-e-type=\"container\" data-settings=\"{&quot;background_background&quot;:&quot;classic&quot;}\">\n\t\t\t\t<div class=\"elementor-element elementor-element-5cc400a elementor-widget elementor-widget-heading\" data-id=\"5cc400a\" data-element_type=\"widget\" data-e-type=\"widget\" data-widget_type=\"heading.default\">\n\t\t\t\t<div class=\"elementor-widget-container\">\n\t\t\t\t\t<h2 class=\"elementor-heading-title elementor-size-default\">Quand l'Histoire rencontre l'IA, une immersion in\u00e9dite<\/h2>\t\t\t\t<\/div>\n\t\t\t\t<\/div>\n\t\t\t\t<div class=\"elementor-element elementor-element-7abe919 elementor-widget__width-initial elementor-widget elementor-widget-text-editor\" data-id=\"7abe919\" data-element_type=\"widget\" data-e-type=\"widget\" data-widget_type=\"text-editor.default\">\n\t\t\t\t<div class=\"elementor-widget-container\">\n\t\t\t\t\t\t\t\t\t<p>En s\u2019appuyant sur la puissance de l\u2019intelligence artificielle, l\u2019exposition plonge les visiteurs dans un voyage in\u00e9dit \u00e0 travers le temps, rendant hommage au pass\u00e9 tout en construisant un pont vers les g\u00e9n\u00e9rations futures.<\/p><p>Apr\u00e8s une premi\u00e8re \u00e9dition qui s&rsquo;est tenue\u00a0au <a title=\"P\u00f4le Hippique du Haras national\" href=\"https:\/\/www.polehippiquestlo.fr\/\" target=\"_blank\" rel=\"noopener noreferrer\">P\u00f4le Hippique du Haras national<\/a> de Saint-L\u00f4 (Manche) en juin 2024, puis une seconde \u00e9tape \u00e0 Saint-Rapha\u00ebl (Var) en ao\u00fbt, Au Fil de la M\u00e9moire s&rsquo;est achev\u00e9e au <a title=\"Mus\u00e9e de l\u2019Arm\u00e9e\" href=\"https:\/\/www.musee-armee.fr\/accueil.html\" target=\"_blank\" rel=\"noopener noreferrer\">Mus\u00e9e de l\u2019Arm\u00e9e<\/a> \u00e0 Paris\u00a0le 18 d\u00e9cembre.<\/p><p>Nous sommes ravis d\u2019avoir contribu\u00e9 \u00e0 ce projet d\u2019exception qui c\u00e9l\u00e8bre la transmission et l\u2019\u00e9motion.<\/p>\t\t\t\t\t\t\t\t<\/div>\n\t\t\t\t<\/div>\n\t\t\t\t<\/div>\n\t\t\t\t<\/div>\n\t\t<div class=\"elementor-element elementor-element-3dd66a3 e-con-full e-flex e-con e-child\" data-id=\"3dd66a3\" data-element_type=\"container\" data-e-type=\"container\">\n\t\t\t\t<div class=\"elementor-element elementor-element-a5ab4cf elementor-widget elementor-widget-image\" data-id=\"a5ab4cf\" data-element_type=\"widget\" data-e-type=\"widget\" data-widget_type=\"image.default\">\n\t\t\t\t<div class=\"elementor-widget-container\">\n\t\t\t\t\t\t\t\t\t\t\t\t\t\t\t\t<a href=\"https:\/\/exhibitgroup.fr\/wp-content\/uploads\/IMG_4368-scaled.jpg\" data-elementor-open-lightbox=\"yes\" data-elementor-lightbox-title=\"d-day\" data-e-action-hash=\"#elementor-action%3Aaction%3Dlightbox%26settings%3DeyJpZCI6MzE1MywidXJsIjoiaHR0cHM6XC9cL2V4aGliaXRncm91cC5mclwvd3AtY29udGVudFwvdXBsb2Fkc1wvSU1HXzQzNjgtc2NhbGVkLmpwZyJ9\">\n\t\t\t\t\t\t\t<img loading=\"lazy\" decoding=\"async\" width=\"1920\" height=\"2560\" src=\"https:\/\/exhibitgroup.fr\/wp-content\/uploads\/IMG_4368-scaled.jpg\" class=\"attachment-full size-full wp-image-3153\" alt=\"\" \/>\t\t\t\t\t\t\t\t<\/a>\n\t\t\t\t\t\t\t\t\t\t\t\t\t\t\t<\/div>\n\t\t\t\t<\/div>\n\t\t\t\t<\/div>\n\t\t<div class=\"elementor-element elementor-element-5302ed5 e-con-full e-flex e-con e-child\" data-id=\"5302ed5\" data-element_type=\"container\" data-e-type=\"container\">\n\t\t<div class=\"elementor-element elementor-element-a989c55 e-con-full e-flex e-con e-child\" data-id=\"a989c55\" data-element_type=\"container\" data-e-type=\"container\">\n\t\t\t\t<div class=\"elementor-element elementor-element-db2edc1 elementor-widget elementor-widget-image\" data-id=\"db2edc1\" data-element_type=\"widget\" data-e-type=\"widget\" data-widget_type=\"image.default\">\n\t\t\t\t<div class=\"elementor-widget-container\">\n\t\t\t\t\t\t\t\t\t\t\t\t\t\t\t\t<a href=\"https:\/\/exhibitgroup.fr\/wp-content\/uploads\/IMG_4371-scaled.jpg\" data-elementor-open-lightbox=\"yes\" data-elementor-lightbox-title=\"dday\" data-e-action-hash=\"#elementor-action%3Aaction%3Dlightbox%26settings%3DeyJpZCI6NTM0MywidXJsIjoiaHR0cHM6XC9cL2V4aGliaXRncm91cC5mclwvd3AtY29udGVudFwvdXBsb2Fkc1wvSU1HXzQzNzEtc2NhbGVkLmpwZyJ9\">\n\t\t\t\t\t\t\t<img loading=\"lazy\" decoding=\"async\" width=\"1920\" height=\"2560\" src=\"https:\/\/exhibitgroup.fr\/wp-content\/uploads\/IMG_4371-scaled.jpg\" class=\"attachment-full size-full wp-image-5343\" alt=\"\" \/>\t\t\t\t\t\t\t\t<\/a>\n\t\t\t\t\t\t\t\t\t\t\t\t\t\t\t<\/div>\n\t\t\t\t<\/div>\n\t\t\t\t<\/div>\n\t\t<div class=\"elementor-element elementor-element-d17b857 e-con-full e-flex e-con e-child\" data-id=\"d17b857\" data-element_type=\"container\" data-e-type=\"container\" data-settings=\"{&quot;background_background&quot;:&quot;classic&quot;}\">\n\t\t\t\t<div class=\"elementor-element elementor-element-94a070f elementor-widget elementor-widget-heading\" data-id=\"94a070f\" data-element_type=\"widget\" data-e-type=\"widget\" data-widget_type=\"heading.default\">\n\t\t\t\t<div class=\"elementor-widget-container\">\n\t\t\t\t\t<h2 class=\"elementor-heading-title elementor-size-default\">Expectations<\/h2>\t\t\t\t<\/div>\n\t\t\t\t<\/div>\n\t\t\t\t<div class=\"elementor-element elementor-element-7b2f9e4 elementor-widget elementor-widget-text-editor\" data-id=\"7b2f9e4\" data-element_type=\"widget\" data-e-type=\"widget\" data-widget_type=\"text-editor.default\">\n\t\t\t\t<div class=\"elementor-widget-container\">\n\t\t\t\t\t\t\t\t\t<p><strong>L\u2019exposition Au Fil De La M\u00e9moire a n\u00e9cessit\u00e9 la mobilisation d&rsquo;expertises compl\u00e9mentaires : agencement, impression num\u00e9rique sur tissu et adh\u00e9sifs,\u00a0menuiserie sur mesure,\u00a0etc.<\/strong><\/p><p>Les mat\u00e9riaux que nous avons soigneusement s\u00e9lectionn\u00e9s pour cette exposition\u00a0immersive jouent un r\u00f4le cl\u00e9 dans la cr\u00e9ation d\u2019une exp\u00e9rience visuelle et sensorielle unique. Le tissu dos noir recycl\u00e9, en plus d\u2019\u00eatre un choix \u00e9co-responsable, offre une opacit\u00e9 parfaite et une texture \u00e9l\u00e9gante, id\u00e9ale pour mettre en valeur les visuels. Le vinyle monom\u00e8re opaque et le vinyle aluminium bross\u00e9 apportent une r\u00e9elle profondeur \u00e0 la sc\u00e9nographie d\u00e9ploy\u00e9e.<\/p><p>Pour chaque \u00e9dition, certains \u00e9l\u00e9ments graphiques ont \u00e9t\u00e9 subtilement adapt\u00e9s afin de refl\u00e9ter l&rsquo;\u00e9volution naturelle du temps et de s&rsquo;int\u00e9grer parfaitement aux lieux d&rsquo;accueil. Par exemple, la couleur de la moquette a \u00e9t\u00e9 ajust\u00e9e pour s&rsquo;harmoniser avec l&rsquo;ambiance de chaque site, et les impressions ont \u00e9t\u00e9 revisit\u00e9es avec des variations chromatiques pour apporter une touche unique \u00e0 chacune des expositions. Ces modifications ont permis de donner une dynamique visuelle \u00e0 l&rsquo;exposition tout en respectant son essence, illustrant ainsi que la m\u00e9moire, comme le temps, est en constante transformation.<\/p><p>Nous avons relev\u00e9 un d\u00e9fi technique majeur en assurant l&rsquo;installation d&rsquo;\u00e9l\u00e9ments imposants dans des sites d&rsquo;exception, tels que le prestigieux Mus\u00e9e de l&rsquo;Arm\u00e9e &#8211; H\u00f4tel National des Invalides. Ces lieux du patrimoine riches d&rsquo;histoire n\u00e9cessitent une rigueur absolue pour accueillir une sc\u00e9nographie complexe tout en pr\u00e9server leur int\u00e9grit\u00e9. La pose de l\u2019ensemble de la menuiserie, souvent volumineuse et d\u00e9licate, ainsi que l\u2019installation des rouleaux de moquette sur des fols fragiles, ont demand\u00e9 un savoir-faire pointu et une pr\u00e9cision millim\u00e9tr\u00e9e. Cette exposition itin\u00e9rante allie innovation et m\u00e9moire pour offrir une exp\u00e9rience unique \u00e0 chacun de ses visiteurs.<\/p><p>\u00a0<\/p>\t\t\t\t\t\t\t\t<\/div>\n\t\t\t\t<\/div>\n\t\t\t\t<\/div>\n\t\t\t\t<\/div>\n\t\t\t\t\t<\/div>\n\t\t\t\t<\/div>\n\t\t\t\t<\/div>\n\t\t","protected":false},"excerpt":{"rendered":"<p>Une exposition itin\u00e9rante sur le D-day<\/p>\n","protected":false},"author":6,"featured_media":3148,"comment_status":"closed","ping_status":"closed","sticky":false,"template":"","format":"standard","meta":{"_acf_changed":false,"footnotes":""},"categories":[9],"tags":[26,95],"univers":[82],"class_list":["post-3146","post","type-post","status-publish","format-standard","has-post-thumbnail","hentry","category-print","tag-museographie","tag-expo","univers-culture"],"acf":[],"yoast_head":"<!-- This site is optimized with the Yoast SEO plugin v27.4 - https:\/\/yoast.com\/product\/yoast-seo-wordpress\/ -->\n<title>Au Fil de la M\u00e9moire : exposition immersive D-Day<\/title>\n<meta name=\"description\" content=\"Une sc\u00e9nographie sign\u00e9e Exhibit Group pour c\u00e9l\u00e9brer les 80 ans du D\u00e9barquement : IA, design, m\u00e9moire et innovation au c\u0153ur d\u2019une exposition itin\u00e9rante.\" \/>\n<meta name=\"robots\" content=\"index, follow, max-snippet:-1, max-image-preview:large, max-video-preview:-1\" \/>\n<link rel=\"canonical\" href=\"https:\/\/exhibitgroup.fr\/fr\/le-fil-de-la-memoire\/\" \/>\n<meta property=\"og:locale\" content=\"fr_FR\" \/>\n<meta property=\"og:type\" content=\"article\" \/>\n<meta property=\"og:title\" content=\"Au Fil de la M\u00e9moire : exposition immersive D-Day\" \/>\n<meta property=\"og:description\" content=\"Une sc\u00e9nographie sign\u00e9e Exhibit Group pour c\u00e9l\u00e9brer les 80 ans du D\u00e9barquement : IA, design, m\u00e9moire et innovation au c\u0153ur d\u2019une exposition itin\u00e9rante.\" \/>\n<meta property=\"og:url\" content=\"https:\/\/exhibitgroup.fr\/fr\/le-fil-de-la-memoire\/\" \/>\n<meta property=\"og:site_name\" content=\"Exhibit Group\" \/>\n<meta property=\"article:publisher\" content=\"https:\/\/www.facebook.com\/ExhibitGroup.fr\/\" \/>\n<meta property=\"article:published_time\" content=\"2025-06-01T22:16:01+00:00\" \/>\n<meta property=\"article:modified_time\" content=\"2025-07-25T09:40:04+00:00\" \/>\n<meta property=\"og:image\" content=\"https:\/\/exhibitgroup.fr\/wp-content\/uploads\/IMG_8442-1-scaled.jpg\" \/>\n\t<meta property=\"og:image:width\" content=\"1920\" \/>\n\t<meta property=\"og:image:height\" content=\"2560\" \/>\n\t<meta property=\"og:image:type\" content=\"image\/jpeg\" \/>\n<meta name=\"author\" content=\"Caroline\" \/>\n<meta name=\"twitter:card\" content=\"summary_large_image\" \/>\n<meta name=\"twitter:label1\" content=\"\u00c9crit par\" \/>\n\t<meta name=\"twitter:data1\" content=\"Caroline\" \/>\n\t<meta name=\"twitter:label2\" content=\"Dur\u00e9e de lecture estim\u00e9e\" \/>\n\t<meta name=\"twitter:data2\" content=\"4 minutes\" \/>\n<script type=\"application\/ld+json\" class=\"yoast-schema-graph\">{\"@context\":\"https:\\\/\\\/schema.org\",\"@graph\":[{\"@type\":\"Article\",\"@id\":\"https:\\\/\\\/exhibitgroup.fr\\\/le-fil-de-la-memoire\\\/#article\",\"isPartOf\":{\"@id\":\"https:\\\/\\\/exhibitgroup.fr\\\/le-fil-de-la-memoire\\\/\"},\"author\":{\"name\":\"Caroline\",\"@id\":\"https:\\\/\\\/exhibitgroup.fr\\\/fr\\\/#\\\/schema\\\/person\\\/12bff46011088e10d40d17a8912f6ba1\"},\"headline\":\"Le Fil de la M\u00e9moire\",\"datePublished\":\"2025-06-01T22:16:01+00:00\",\"dateModified\":\"2025-07-25T09:40:04+00:00\",\"mainEntityOfPage\":{\"@id\":\"https:\\\/\\\/exhibitgroup.fr\\\/le-fil-de-la-memoire\\\/\"},\"wordCount\":526,\"publisher\":{\"@id\":\"https:\\\/\\\/exhibitgroup.fr\\\/fr\\\/#organization\"},\"image\":{\"@id\":\"https:\\\/\\\/exhibitgroup.fr\\\/le-fil-de-la-memoire\\\/#primaryimage\"},\"thumbnailUrl\":\"https:\\\/\\\/exhibitgroup.fr\\\/wp-content\\\/uploads\\\/IMG_8442-1-scaled.jpg\",\"keywords\":[\"Mus\u00e9ographie\",\"Expo\"],\"articleSection\":[\"Print\"],\"inLanguage\":\"fr-FR\"},{\"@type\":\"WebPage\",\"@id\":\"https:\\\/\\\/exhibitgroup.fr\\\/le-fil-de-la-memoire\\\/\",\"url\":\"https:\\\/\\\/exhibitgroup.fr\\\/le-fil-de-la-memoire\\\/\",\"name\":\"Au Fil de la M\u00e9moire : exposition immersive D-Day\",\"isPartOf\":{\"@id\":\"https:\\\/\\\/exhibitgroup.fr\\\/fr\\\/#website\"},\"primaryImageOfPage\":{\"@id\":\"https:\\\/\\\/exhibitgroup.fr\\\/le-fil-de-la-memoire\\\/#primaryimage\"},\"image\":{\"@id\":\"https:\\\/\\\/exhibitgroup.fr\\\/le-fil-de-la-memoire\\\/#primaryimage\"},\"thumbnailUrl\":\"https:\\\/\\\/exhibitgroup.fr\\\/wp-content\\\/uploads\\\/IMG_8442-1-scaled.jpg\",\"datePublished\":\"2025-06-01T22:16:01+00:00\",\"dateModified\":\"2025-07-25T09:40:04+00:00\",\"description\":\"Une sc\u00e9nographie sign\u00e9e Exhibit Group pour c\u00e9l\u00e9brer les 80 ans du D\u00e9barquement : IA, design, m\u00e9moire et innovation au c\u0153ur d\u2019une exposition itin\u00e9rante.\",\"breadcrumb\":{\"@id\":\"https:\\\/\\\/exhibitgroup.fr\\\/le-fil-de-la-memoire\\\/#breadcrumb\"},\"inLanguage\":\"fr-FR\",\"potentialAction\":[{\"@type\":\"ReadAction\",\"target\":[\"https:\\\/\\\/exhibitgroup.fr\\\/le-fil-de-la-memoire\\\/\"]}]},{\"@type\":\"ImageObject\",\"inLanguage\":\"fr-FR\",\"@id\":\"https:\\\/\\\/exhibitgroup.fr\\\/le-fil-de-la-memoire\\\/#primaryimage\",\"url\":\"https:\\\/\\\/exhibitgroup.fr\\\/wp-content\\\/uploads\\\/IMG_8442-1-scaled.jpg\",\"contentUrl\":\"https:\\\/\\\/exhibitgroup.fr\\\/wp-content\\\/uploads\\\/IMG_8442-1-scaled.jpg\",\"width\":1920,\"height\":2560},{\"@type\":\"BreadcrumbList\",\"@id\":\"https:\\\/\\\/exhibitgroup.fr\\\/le-fil-de-la-memoire\\\/#breadcrumb\",\"itemListElement\":[{\"@type\":\"ListItem\",\"position\":1,\"name\":\"Accueil\",\"item\":\"https:\\\/\\\/exhibitgroup.fr\\\/\"},{\"@type\":\"ListItem\",\"position\":2,\"name\":\"Le Fil de la M\u00e9moire\"}]},{\"@type\":\"WebSite\",\"@id\":\"https:\\\/\\\/exhibitgroup.fr\\\/fr\\\/#website\",\"url\":\"https:\\\/\\\/exhibitgroup.fr\\\/fr\\\/\",\"name\":\"Exhibit Group\",\"description\":\"\",\"publisher\":{\"@id\":\"https:\\\/\\\/exhibitgroup.fr\\\/fr\\\/#organization\"},\"potentialAction\":[{\"@type\":\"SearchAction\",\"target\":{\"@type\":\"EntryPoint\",\"urlTemplate\":\"https:\\\/\\\/exhibitgroup.fr\\\/fr\\\/?s={search_term_string}\"},\"query-input\":{\"@type\":\"PropertyValueSpecification\",\"valueRequired\":true,\"valueName\":\"search_term_string\"}}],\"inLanguage\":\"fr-FR\"},{\"@type\":\"Organization\",\"@id\":\"https:\\\/\\\/exhibitgroup.fr\\\/fr\\\/#organization\",\"name\":\"Exhibit Group\",\"url\":\"https:\\\/\\\/exhibitgroup.fr\\\/fr\\\/\",\"logo\":{\"@type\":\"ImageObject\",\"inLanguage\":\"fr-FR\",\"@id\":\"https:\\\/\\\/exhibitgroup.fr\\\/fr\\\/#\\\/schema\\\/logo\\\/image\\\/\",\"url\":\"https:\\\/\\\/exhibitgroup.fr\\\/wp-content\\\/uploads\\\/EXHIBIT_GROUP_LOGO.jpg\",\"contentUrl\":\"https:\\\/\\\/exhibitgroup.fr\\\/wp-content\\\/uploads\\\/EXHIBIT_GROUP_LOGO.jpg\",\"width\":2373,\"height\":675,\"caption\":\"Exhibit Group\"},\"image\":{\"@id\":\"https:\\\/\\\/exhibitgroup.fr\\\/fr\\\/#\\\/schema\\\/logo\\\/image\\\/\"},\"sameAs\":[\"https:\\\/\\\/www.facebook.com\\\/ExhibitGroup.fr\\\/\",\"https:\\\/\\\/fr.linkedin.com\\\/company\\\/exhibit-group_2\"]},{\"@type\":\"Person\",\"@id\":\"https:\\\/\\\/exhibitgroup.fr\\\/fr\\\/#\\\/schema\\\/person\\\/12bff46011088e10d40d17a8912f6ba1\",\"name\":\"Caroline\",\"image\":{\"@type\":\"ImageObject\",\"inLanguage\":\"fr-FR\",\"@id\":\"https:\\\/\\\/secure.gravatar.com\\\/avatar\\\/b742905a0e6352554ed66a91fe56e2dd768f2154eb4cdc715f7cccba9c7a5802?s=96&d=mm&r=g\",\"url\":\"https:\\\/\\\/secure.gravatar.com\\\/avatar\\\/b742905a0e6352554ed66a91fe56e2dd768f2154eb4cdc715f7cccba9c7a5802?s=96&d=mm&r=g\",\"contentUrl\":\"https:\\\/\\\/secure.gravatar.com\\\/avatar\\\/b742905a0e6352554ed66a91fe56e2dd768f2154eb4cdc715f7cccba9c7a5802?s=96&d=mm&r=g\",\"caption\":\"Caroline\"},\"url\":\"https:\\\/\\\/exhibitgroup.fr\\\/fr\\\/author\\\/caro\\\/\"}]}<\/script>\n<!-- \/ Yoast SEO plugin. -->","yoast_head_json":{"title":"Au Fil de la M\u00e9moire : exposition immersive D-Day","description":"Une sc\u00e9nographie sign\u00e9e Exhibit Group pour c\u00e9l\u00e9brer les 80 ans du D\u00e9barquement : IA, design, m\u00e9moire et innovation au c\u0153ur d\u2019une exposition itin\u00e9rante.","robots":{"index":"index","follow":"follow","max-snippet":"max-snippet:-1","max-image-preview":"max-image-preview:large","max-video-preview":"max-video-preview:-1"},"canonical":"https:\/\/exhibitgroup.fr\/fr\/le-fil-de-la-memoire\/","og_locale":"fr_FR","og_type":"article","og_title":"Au Fil de la M\u00e9moire : exposition immersive D-Day","og_description":"Une sc\u00e9nographie sign\u00e9e Exhibit Group pour c\u00e9l\u00e9brer les 80 ans du D\u00e9barquement : IA, design, m\u00e9moire et innovation au c\u0153ur d\u2019une exposition itin\u00e9rante.","og_url":"https:\/\/exhibitgroup.fr\/fr\/le-fil-de-la-memoire\/","og_site_name":"Exhibit Group","article_publisher":"https:\/\/www.facebook.com\/ExhibitGroup.fr\/","article_published_time":"2025-06-01T22:16:01+00:00","article_modified_time":"2025-07-25T09:40:04+00:00","og_image":[{"width":1920,"height":2560,"url":"https:\/\/exhibitgroup.fr\/wp-content\/uploads\/IMG_8442-1-scaled.jpg","type":"image\/jpeg"}],"author":"Caroline","twitter_card":"summary_large_image","twitter_misc":{"\u00c9crit par":"Caroline","Dur\u00e9e de lecture estim\u00e9e":"4 minutes"},"schema":{"@context":"https:\/\/schema.org","@graph":[{"@type":"Article","@id":"https:\/\/exhibitgroup.fr\/le-fil-de-la-memoire\/#article","isPartOf":{"@id":"https:\/\/exhibitgroup.fr\/le-fil-de-la-memoire\/"},"author":{"name":"Caroline","@id":"https:\/\/exhibitgroup.fr\/fr\/#\/schema\/person\/12bff46011088e10d40d17a8912f6ba1"},"headline":"Le Fil de la M\u00e9moire","datePublished":"2025-06-01T22:16:01+00:00","dateModified":"2025-07-25T09:40:04+00:00","mainEntityOfPage":{"@id":"https:\/\/exhibitgroup.fr\/le-fil-de-la-memoire\/"},"wordCount":526,"publisher":{"@id":"https:\/\/exhibitgroup.fr\/fr\/#organization"},"image":{"@id":"https:\/\/exhibitgroup.fr\/le-fil-de-la-memoire\/#primaryimage"},"thumbnailUrl":"https:\/\/exhibitgroup.fr\/wp-content\/uploads\/IMG_8442-1-scaled.jpg","keywords":["Mus\u00e9ographie","Expo"],"articleSection":["Print"],"inLanguage":"fr-FR"},{"@type":"WebPage","@id":"https:\/\/exhibitgroup.fr\/le-fil-de-la-memoire\/","url":"https:\/\/exhibitgroup.fr\/le-fil-de-la-memoire\/","name":"Au Fil de la M\u00e9moire : exposition immersive D-Day","isPartOf":{"@id":"https:\/\/exhibitgroup.fr\/fr\/#website"},"primaryImageOfPage":{"@id":"https:\/\/exhibitgroup.fr\/le-fil-de-la-memoire\/#primaryimage"},"image":{"@id":"https:\/\/exhibitgroup.fr\/le-fil-de-la-memoire\/#primaryimage"},"thumbnailUrl":"https:\/\/exhibitgroup.fr\/wp-content\/uploads\/IMG_8442-1-scaled.jpg","datePublished":"2025-06-01T22:16:01+00:00","dateModified":"2025-07-25T09:40:04+00:00","description":"Une sc\u00e9nographie sign\u00e9e Exhibit Group pour c\u00e9l\u00e9brer les 80 ans du D\u00e9barquement : IA, design, m\u00e9moire et innovation au c\u0153ur d\u2019une exposition itin\u00e9rante.","breadcrumb":{"@id":"https:\/\/exhibitgroup.fr\/le-fil-de-la-memoire\/#breadcrumb"},"inLanguage":"fr-FR","potentialAction":[{"@type":"ReadAction","target":["https:\/\/exhibitgroup.fr\/le-fil-de-la-memoire\/"]}]},{"@type":"ImageObject","inLanguage":"fr-FR","@id":"https:\/\/exhibitgroup.fr\/le-fil-de-la-memoire\/#primaryimage","url":"https:\/\/exhibitgroup.fr\/wp-content\/uploads\/IMG_8442-1-scaled.jpg","contentUrl":"https:\/\/exhibitgroup.fr\/wp-content\/uploads\/IMG_8442-1-scaled.jpg","width":1920,"height":2560},{"@type":"BreadcrumbList","@id":"https:\/\/exhibitgroup.fr\/le-fil-de-la-memoire\/#breadcrumb","itemListElement":[{"@type":"ListItem","position":1,"name":"Accueil","item":"https:\/\/exhibitgroup.fr\/"},{"@type":"ListItem","position":2,"name":"Le Fil de la M\u00e9moire"}]},{"@type":"WebSite","@id":"https:\/\/exhibitgroup.fr\/fr\/#website","url":"https:\/\/exhibitgroup.fr\/fr\/","name":"Exhibit Group","description":"","publisher":{"@id":"https:\/\/exhibitgroup.fr\/fr\/#organization"},"potentialAction":[{"@type":"SearchAction","target":{"@type":"EntryPoint","urlTemplate":"https:\/\/exhibitgroup.fr\/fr\/?s={search_term_string}"},"query-input":{"@type":"PropertyValueSpecification","valueRequired":true,"valueName":"search_term_string"}}],"inLanguage":"fr-FR"},{"@type":"Organization","@id":"https:\/\/exhibitgroup.fr\/fr\/#organization","name":"Exhibit Group","url":"https:\/\/exhibitgroup.fr\/fr\/","logo":{"@type":"ImageObject","inLanguage":"fr-FR","@id":"https:\/\/exhibitgroup.fr\/fr\/#\/schema\/logo\/image\/","url":"https:\/\/exhibitgroup.fr\/wp-content\/uploads\/EXHIBIT_GROUP_LOGO.jpg","contentUrl":"https:\/\/exhibitgroup.fr\/wp-content\/uploads\/EXHIBIT_GROUP_LOGO.jpg","width":2373,"height":675,"caption":"Exhibit Group"},"image":{"@id":"https:\/\/exhibitgroup.fr\/fr\/#\/schema\/logo\/image\/"},"sameAs":["https:\/\/www.facebook.com\/ExhibitGroup.fr\/","https:\/\/fr.linkedin.com\/company\/exhibit-group_2"]},{"@type":"Person","@id":"https:\/\/exhibitgroup.fr\/fr\/#\/schema\/person\/12bff46011088e10d40d17a8912f6ba1","name":"Caroline","image":{"@type":"ImageObject","inLanguage":"fr-FR","@id":"https:\/\/secure.gravatar.com\/avatar\/b742905a0e6352554ed66a91fe56e2dd768f2154eb4cdc715f7cccba9c7a5802?s=96&d=mm&r=g","url":"https:\/\/secure.gravatar.com\/avatar\/b742905a0e6352554ed66a91fe56e2dd768f2154eb4cdc715f7cccba9c7a5802?s=96&d=mm&r=g","contentUrl":"https:\/\/secure.gravatar.com\/avatar\/b742905a0e6352554ed66a91fe56e2dd768f2154eb4cdc715f7cccba9c7a5802?s=96&d=mm&r=g","caption":"Caroline"},"url":"https:\/\/exhibitgroup.fr\/fr\/author\/caro\/"}]}},"_links":{"self":[{"href":"https:\/\/exhibitgroup.fr\/fr\/wp-json\/wp\/v2\/posts\/3146","targetHints":{"allow":["GET"]}}],"collection":[{"href":"https:\/\/exhibitgroup.fr\/fr\/wp-json\/wp\/v2\/posts"}],"about":[{"href":"https:\/\/exhibitgroup.fr\/fr\/wp-json\/wp\/v2\/types\/post"}],"author":[{"embeddable":true,"href":"https:\/\/exhibitgroup.fr\/fr\/wp-json\/wp\/v2\/users\/6"}],"replies":[{"embeddable":true,"href":"https:\/\/exhibitgroup.fr\/fr\/wp-json\/wp\/v2\/comments?post=3146"}],"version-history":[{"count":0,"href":"https:\/\/exhibitgroup.fr\/fr\/wp-json\/wp\/v2\/posts\/3146\/revisions"}],"wp:featuredmedia":[{"embeddable":true,"href":"https:\/\/exhibitgroup.fr\/fr\/wp-json\/wp\/v2\/media\/3148"}],"wp:attachment":[{"href":"https:\/\/exhibitgroup.fr\/fr\/wp-json\/wp\/v2\/media?parent=3146"}],"wp:term":[{"taxonomy":"category","embeddable":true,"href":"https:\/\/exhibitgroup.fr\/fr\/wp-json\/wp\/v2\/categories?post=3146"},{"taxonomy":"post_tag","embeddable":true,"href":"https:\/\/exhibitgroup.fr\/fr\/wp-json\/wp\/v2\/tags?post=3146"},{"taxonomy":"univers","embeddable":true,"href":"https:\/\/exhibitgroup.fr\/fr\/wp-json\/wp\/v2\/univers?post=3146"}],"curies":[{"name":"wp","href":"https:\/\/api.w.org\/{rel}","templated":true}]}}