{"id":3129,"date":"2025-06-01T22:09:19","date_gmt":"2025-06-01T22:09:19","guid":{"rendered":"https:\/\/exhibitgroup.fr\/?p=3129"},"modified":"2026-01-15T15:31:31","modified_gmt":"2026-01-15T15:31:31","slug":"sncf-voyageurs","status":"publish","type":"post","link":"https:\/\/exhibitgroup.fr\/fr\/sncf-voyageurs\/","title":{"rendered":"SNCF Voyageurs"},"content":{"rendered":"\t\t<div data-elementor-type=\"wp-post\" data-elementor-id=\"3129\" class=\"elementor elementor-3129\" data-elementor-post-type=\"post\">\n\t\t\t\t<div class=\"elementor-element elementor-element-9eb0246 e-flex e-con-boxed e-con e-parent\" data-id=\"9eb0246\" data-element_type=\"container\" data-e-type=\"container\">\n\t\t\t\t\t<div class=\"e-con-inner\">\n\t\t<div class=\"elementor-element elementor-element-2e04d05 e-con-full e-flex e-con e-child\" data-id=\"2e04d05\" data-element_type=\"container\" data-e-type=\"container\">\n\t\t<div class=\"elementor-element elementor-element-414c0c4 e-con-full e-flex e-con e-child\" data-id=\"414c0c4\" data-element_type=\"container\" data-e-type=\"container\">\n\t\t\t\t<div class=\"elementor-element elementor-element-9f1603e elementor-widget__width-initial elementor-widget elementor-widget-heading\" data-id=\"9f1603e\" data-element_type=\"widget\" data-e-type=\"widget\" data-widget_type=\"heading.default\">\n\t\t\t\t<div class=\"elementor-widget-container\">\n\t\t\t\t\t<h1 class=\"elementor-heading-title elementor-size-default\">SNCF Voyageurs<\/h1>\t\t\t\t<\/div>\n\t\t\t\t<\/div>\n\t\t\t\t<div class=\"elementor-element elementor-element-ab266ee elementor-widget__width-initial elementor-widget elementor-widget-text-editor\" data-id=\"ab266ee\" data-element_type=\"widget\" data-e-type=\"widget\" data-widget_type=\"text-editor.default\">\n\t\t\t\t<div class=\"elementor-widget-container\">\n\t\t\t\t\t\t\t\t\t<p>Lettres en lumi\u00e8re.\u00a0<\/p>\t\t\t\t\t\t\t\t<\/div>\n\t\t\t\t<\/div>\n\t\t\t\t<\/div>\n\t\t\t\t<div class=\"elementor-element elementor-element-538512c elementor-widget__width-initial elementor-widget elementor-widget-image\" data-id=\"538512c\" data-element_type=\"widget\" data-e-type=\"widget\" data-widget_type=\"image.default\">\n\t\t\t\t<div class=\"elementor-widget-container\">\n\t\t\t\t\t\t\t\t\t\t\t\t\t\t\t\t<a href=\"https:\/\/exhibitgroup.fr\/wp-content\/uploads\/2623493294925110781-3.jpg\" data-elementor-open-lightbox=\"yes\" data-elementor-lightbox-title=\"SNCF\" data-e-action-hash=\"#elementor-action%3Aaction%3Dlightbox%26settings%3DeyJpZCI6MzEzMSwidXJsIjoiaHR0cHM6XC9cL2V4aGliaXRncm91cC5mclwvd3AtY29udGVudFwvdXBsb2Fkc1wvMjYyMzQ5MzI5NDkyNTExMDc4MS0zLmpwZyJ9\">\n\t\t\t\t\t\t\t<img fetchpriority=\"high\" decoding=\"async\" width=\"1200\" height=\"1600\" src=\"https:\/\/exhibitgroup.fr\/wp-content\/uploads\/2623493294925110781-3.jpg\" class=\"attachment-full size-full wp-image-3131\" alt=\"\" \/>\t\t\t\t\t\t\t\t<\/a>\n\t\t\t\t\t\t\t\t\t\t\t\t\t\t\t<\/div>\n\t\t\t\t<\/div>\n\t\t\t\t<\/div>\n\t\t<div class=\"elementor-element elementor-element-0763a2e e-con-full e-flex e-con e-child\" data-id=\"0763a2e\" data-element_type=\"container\" data-e-type=\"container\">\n\t\t\t\t<div class=\"elementor-element elementor-element-2f99ec1 elementor-widget elementor-widget-image\" data-id=\"2f99ec1\" data-element_type=\"widget\" data-e-type=\"widget\" data-widget_type=\"image.default\">\n\t\t\t\t<div class=\"elementor-widget-container\">\n\t\t\t\t\t\t\t\t\t\t\t\t\t\t\t\t<a href=\"https:\/\/exhibitgroup.fr\/wp-content\/uploads\/IMG_1082_02-scaled.jpg\" data-elementor-open-lightbox=\"yes\" data-elementor-lightbox-title=\"sncf\" data-e-action-hash=\"#elementor-action%3Aaction%3Dlightbox%26settings%3DeyJpZCI6MzEzMiwidXJsIjoiaHR0cHM6XC9cL2V4aGliaXRncm91cC5mclwvd3AtY29udGVudFwvdXBsb2Fkc1wvSU1HXzEwODJfMDItc2NhbGVkLmpwZyJ9\">\n\t\t\t\t\t\t\t<img decoding=\"async\" width=\"2560\" height=\"1920\" src=\"https:\/\/exhibitgroup.fr\/wp-content\/uploads\/IMG_1082_02-scaled.jpg\" class=\"attachment-full size-full wp-image-3132\" alt=\"\" \/>\t\t\t\t\t\t\t\t<\/a>\n\t\t\t\t\t\t\t\t\t\t\t\t\t\t\t<\/div>\n\t\t\t\t<\/div>\n\t\t\t\t<\/div>\n\t\t<div class=\"elementor-element elementor-element-3dd66a3 e-con-full e-flex e-con e-child\" data-id=\"3dd66a3\" data-element_type=\"container\" data-e-type=\"container\">\n\t\t<div class=\"elementor-element elementor-element-42c9135 e-con-full e-flex e-con e-child\" data-id=\"42c9135\" data-element_type=\"container\" data-e-type=\"container\">\n\t\t<div class=\"elementor-element elementor-element-f0893c2 e-con-full e-flex e-con e-child\" data-id=\"f0893c2\" data-element_type=\"container\" data-e-type=\"container\">\n\t\t\t\t<div class=\"elementor-element elementor-element-8973609 elementor-widget elementor-widget-image\" data-id=\"8973609\" data-element_type=\"widget\" data-e-type=\"widget\" data-widget_type=\"image.default\">\n\t\t\t\t<div class=\"elementor-widget-container\">\n\t\t\t\t\t\t\t\t\t\t\t\t\t\t\t\t<a href=\"https:\/\/exhibitgroup.fr\/wp-content\/uploads\/IMG_1105_02-scaled.jpg\" data-elementor-open-lightbox=\"yes\" data-elementor-lightbox-title=\"sncf\" data-e-action-hash=\"#elementor-action%3Aaction%3Dlightbox%26settings%3DeyJpZCI6MzEzNywidXJsIjoiaHR0cHM6XC9cL2V4aGliaXRncm91cC5mclwvd3AtY29udGVudFwvdXBsb2Fkc1wvSU1HXzExMDVfMDItc2NhbGVkLmpwZyJ9\">\n\t\t\t\t\t\t\t<img decoding=\"async\" width=\"1920\" height=\"2560\" src=\"https:\/\/exhibitgroup.fr\/wp-content\/uploads\/IMG_1105_02-scaled.jpg\" class=\"attachment-full size-full wp-image-3137\" alt=\"\" \/>\t\t\t\t\t\t\t\t<\/a>\n\t\t\t\t\t\t\t\t\t\t\t\t\t\t\t<\/div>\n\t\t\t\t<\/div>\n\t\t\t\t<div class=\"elementor-element elementor-element-35b9c90 elementor-widget elementor-widget-image\" data-id=\"35b9c90\" data-element_type=\"widget\" data-e-type=\"widget\" data-widget_type=\"image.default\">\n\t\t\t\t<div class=\"elementor-widget-container\">\n\t\t\t\t\t\t\t\t\t\t\t\t\t\t\t\t<a href=\"https:\/\/exhibitgroup.fr\/wp-content\/uploads\/IMG_1109_02-scaled.jpg\" data-elementor-open-lightbox=\"yes\" data-elementor-lightbox-title=\"sncf\" data-e-action-hash=\"#elementor-action%3Aaction%3Dlightbox%26settings%3DeyJpZCI6MzEzNCwidXJsIjoiaHR0cHM6XC9cL2V4aGliaXRncm91cC5mclwvd3AtY29udGVudFwvdXBsb2Fkc1wvSU1HXzExMDlfMDItc2NhbGVkLmpwZyJ9\">\n\t\t\t\t\t\t\t<img loading=\"lazy\" decoding=\"async\" width=\"2560\" height=\"1920\" src=\"https:\/\/exhibitgroup.fr\/wp-content\/uploads\/IMG_1109_02-scaled.jpg\" class=\"attachment-full size-full wp-image-3134\" alt=\"\" \/>\t\t\t\t\t\t\t\t<\/a>\n\t\t\t\t\t\t\t\t\t\t\t\t\t\t\t<\/div>\n\t\t\t\t<\/div>\n\t\t\t\t<\/div>\n\t\t<div class=\"elementor-element elementor-element-73ee679 e-con-full e-flex e-con e-child\" data-id=\"73ee679\" data-element_type=\"container\" data-e-type=\"container\" data-settings=\"{&quot;background_background&quot;:&quot;classic&quot;}\">\n\t\t\t\t<div class=\"elementor-element elementor-element-8fef44e elementor-widget elementor-widget-heading\" data-id=\"8fef44e\" data-element_type=\"widget\" data-e-type=\"widget\" data-widget_type=\"heading.default\">\n\t\t\t\t<div class=\"elementor-widget-container\">\n\t\t\t\t\t<h2 class=\"elementor-heading-title elementor-size-default\">Nouvelle identit\u00e9 lumineuse<\/h2>\t\t\t\t<\/div>\n\t\t\t\t<\/div>\n\t\t\t\t<div class=\"elementor-element elementor-element-9e6c8ec elementor-widget__width-initial elementor-widget elementor-widget-text-editor\" data-id=\"9e6c8ec\" data-element_type=\"widget\" data-e-type=\"widget\" data-widget_type=\"text-editor.default\">\n\t\t\t\t<div class=\"elementor-widget-container\">\n\t\t\t\t\t\t\t\t\t<p><strong>\u00c0 l\u2019occasion de\u00a0l\u2019ouverture du nouveau si\u00e8ge social de <a title=\"SNCF Voyageurs\" href=\"https:\/\/www.sncf-voyageurs.com\/fr\/\" target=\"_blank\" rel=\"noopener noreferrer\">SNCF Voyageurs<\/a> \u00e0 Saint-Denis,\u00a0nos experts en signal\u00e9tique\u00a0ont \u00e9t\u00e9 sollicit\u00e9s pour\u00a0dynamiser l\u2019entr\u00e9e du b\u00e2timent en offrant une identit\u00e9 visuelle forte d\u00e8s le premier regard.<\/strong><\/p><p>Pour marquer les esprits, nous avons r\u00e9alis\u00e9 une\u00a0enseigne lumineuse d&rsquo;un m\u00e8tre de hauteur, apportant une signature embl\u00e9matique \u00e0 ce nouveau si\u00e8ge. Con\u00e7ue pour s\u2019int\u00e9grer harmonieusement \u00e0 l\u2019architecture du b\u00e2timent, elle refl\u00e8te l\u2019ADN moderne et innovant\u00a0de SNCF Voyageurs.<\/p>\t\t\t\t\t\t\t\t<\/div>\n\t\t\t\t<\/div>\n\t\t\t\t<\/div>\n\t\t\t\t<\/div>\n\t\t\t\t<\/div>\n\t\t<div class=\"elementor-element elementor-element-5302ed5 e-con-full e-flex e-con e-child\" data-id=\"5302ed5\" data-element_type=\"container\" data-e-type=\"container\">\n\t\t<div class=\"elementor-element elementor-element-a989c55 e-con-full e-flex e-con e-child\" data-id=\"a989c55\" data-element_type=\"container\" data-e-type=\"container\">\n\t\t\t\t<div class=\"elementor-element elementor-element-c47e021 elementor-widget elementor-widget-image\" data-id=\"c47e021\" data-element_type=\"widget\" data-e-type=\"widget\" data-widget_type=\"image.default\">\n\t\t\t\t<div class=\"elementor-widget-container\">\n\t\t\t\t\t\t\t\t\t\t\t\t\t\t\t\t<a href=\"https:\/\/exhibitgroup.fr\/wp-content\/uploads\/2623493294925110781-3.jpg\" data-elementor-open-lightbox=\"yes\" data-elementor-lightbox-title=\"SNCF\" data-e-action-hash=\"#elementor-action%3Aaction%3Dlightbox%26settings%3DeyJpZCI6MzEzMSwidXJsIjoiaHR0cHM6XC9cL2V4aGliaXRncm91cC5mclwvd3AtY29udGVudFwvdXBsb2Fkc1wvMjYyMzQ5MzI5NDkyNTExMDc4MS0zLmpwZyJ9\">\n\t\t\t\t\t\t\t<img fetchpriority=\"high\" decoding=\"async\" width=\"1200\" height=\"1600\" src=\"https:\/\/exhibitgroup.fr\/wp-content\/uploads\/2623493294925110781-3.jpg\" class=\"attachment-full size-full wp-image-3131\" alt=\"\" \/>\t\t\t\t\t\t\t\t<\/a>\n\t\t\t\t\t\t\t\t\t\t\t\t\t\t\t<\/div>\n\t\t\t\t<\/div>\n\t\t\t\t<div class=\"elementor-element elementor-element-67ba5e5 elementor-widget elementor-widget-image\" data-id=\"67ba5e5\" data-element_type=\"widget\" data-e-type=\"widget\" data-widget_type=\"image.default\">\n\t\t\t\t<div class=\"elementor-widget-container\">\n\t\t\t\t\t\t\t\t\t\t\t\t\t\t\t\t<a href=\"https:\/\/exhibitgroup.fr\/wp-content\/uploads\/IMG_1105_02-scaled.jpg\" data-elementor-open-lightbox=\"yes\" data-elementor-lightbox-title=\"sncf\" data-e-action-hash=\"#elementor-action%3Aaction%3Dlightbox%26settings%3DeyJpZCI6MzEzNywidXJsIjoiaHR0cHM6XC9cL2V4aGliaXRncm91cC5mclwvd3AtY29udGVudFwvdXBsb2Fkc1wvSU1HXzExMDVfMDItc2NhbGVkLmpwZyJ9\">\n\t\t\t\t\t\t\t<img decoding=\"async\" width=\"1920\" height=\"2560\" src=\"https:\/\/exhibitgroup.fr\/wp-content\/uploads\/IMG_1105_02-scaled.jpg\" class=\"attachment-full size-full wp-image-3137\" alt=\"\" \/>\t\t\t\t\t\t\t\t<\/a>\n\t\t\t\t\t\t\t\t\t\t\t\t\t\t\t<\/div>\n\t\t\t\t<\/div>\n\t\t\t\t<\/div>\n\t\t<div class=\"elementor-element elementor-element-d17b857 e-con-full e-flex e-con e-child\" data-id=\"d17b857\" data-element_type=\"container\" data-e-type=\"container\" data-settings=\"{&quot;background_background&quot;:&quot;classic&quot;}\">\n\t\t\t\t<div class=\"elementor-element elementor-element-94a070f elementor-widget elementor-widget-heading\" data-id=\"94a070f\" data-element_type=\"widget\" data-e-type=\"widget\" data-widget_type=\"heading.default\">\n\t\t\t\t<div class=\"elementor-widget-container\">\n\t\t\t\t\t<h2 class=\"elementor-heading-title elementor-size-default\">Expectations<\/h2>\t\t\t\t<\/div>\n\t\t\t\t<\/div>\n\t\t\t\t<div class=\"elementor-element elementor-element-7b2f9e4 elementor-widget elementor-widget-text-editor\" data-id=\"7b2f9e4\" data-element_type=\"widget\" data-e-type=\"widget\" data-widget_type=\"text-editor.default\">\n\t\t\t\t<div class=\"elementor-widget-container\">\n\t\t\t\t\t\t\t\t\t<p><strong>L\u2019objectif \u00e9tait de valoriser l\u2019entr\u00e9e du nouveau si\u00e8ge social de <a title=\"SNCF Voyageurs \" href=\"https:\/\/www.sncf-voyageurs.com\/fr\/\" target=\"_blank\" rel=\"noopener noreferrer\">SNCF Voyageurs <\/a>\u00e0 Saint-Denis en cr\u00e9ant une identit\u00e9 visuelle impactante et imm\u00e9diatement reconnaissable.<\/strong><\/p><p>Ce projet a \u00e9t\u00e9 men\u00e9 par nos experts Sepelco, sp\u00e9cialistes en signal\u00e9tique p\u00e9renne et enseignes sur mesure. Gr\u00e2ce \u00e0 une approche 100% int\u00e9gr\u00e9e, nous avons assur\u00e9 l\u2019ensemble du processus :<\/p><ul><li>Conception technique par notre bureau d\u2019\u00e9tudes int\u00e9gr\u00e9<\/li><li>Fabrication sur mesure<\/li><li>Installation sur site par nos \u00e9quipes techniques<\/li><\/ul><p>L\u2019enseigne, fabriqu\u00e9e en aluminium laqu\u00e9, est compos\u00e9e de lettres de 1 m\u00e8tre de hauteur, r\u00e9tro\u00e9clair\u00e9es par un syst\u00e8me LED.<\/p><p>Un travail de pr\u00e9cision a \u00e9t\u00e9 apport\u00e9 sur le facing r\u00e9alis\u00e9 en PMMA diffusant laissant subtilement appara\u00eetre des motifs en r\u00e9serve, apportant une touche de modernit\u00e9 et de dynamisme au design.L&rsquo;installation de pieds autoportants ajustables en hauteur a permis de donner un effet de mouvement rappelant la vitesse des TGV tout en assurant une stabilit\u00e9 parfaite.<\/p><p>Un projet cl\u00e9 en main, d\u00e9montrant notre expertise en signal\u00e9tique au service de l\u2019image de marque de nos clients.\u00a0<\/p>\t\t\t\t\t\t\t\t<\/div>\n\t\t\t\t<\/div>\n\t\t\t\t<\/div>\n\t\t\t\t<\/div>\n\t\t\t\t<div class=\"elementor-element elementor-element-743f3f2 elementor-widget elementor-widget-image\" data-id=\"743f3f2\" data-element_type=\"widget\" data-e-type=\"widget\" data-widget_type=\"image.default\">\n\t\t\t\t<div class=\"elementor-widget-container\">\n\t\t\t\t\t\t\t\t\t\t\t\t\t\t\t\t<a href=\"https:\/\/exhibitgroup.fr\/wp-content\/uploads\/IMG_3229_02-scaled.jpg\" data-elementor-open-lightbox=\"yes\" data-elementor-lightbox-title=\"sncf\" data-e-action-hash=\"#elementor-action%3Aaction%3Dlightbox%26settings%3DeyJpZCI6MzEzOSwidXJsIjoiaHR0cHM6XC9cL2V4aGliaXRncm91cC5mclwvd3AtY29udGVudFwvdXBsb2Fkc1wvSU1HXzMyMjlfMDItc2NhbGVkLmpwZyJ9\">\n\t\t\t\t\t\t\t<img loading=\"lazy\" decoding=\"async\" width=\"2560\" height=\"1920\" src=\"https:\/\/exhibitgroup.fr\/wp-content\/uploads\/IMG_3229_02-scaled.jpg\" class=\"attachment-full size-full wp-image-3139\" alt=\"\" \/>\t\t\t\t\t\t\t\t<\/a>\n\t\t\t\t\t\t\t\t\t\t\t\t\t\t\t<\/div>\n\t\t\t\t<\/div>\n\t\t\t\t\t<\/div>\n\t\t\t\t<\/div>\n\t\t\t\t<\/div>\n\t\t","protected":false},"excerpt":{"rendered":"<p>Lettres en lumi\u00e8re<\/p>\n","protected":false},"author":6,"featured_media":3134,"comment_status":"closed","ping_status":"closed","sticky":false,"template":"","format":"standard","meta":{"_acf_changed":false,"footnotes":""},"categories":[12,15],"tags":[104],"univers":[83],"class_list":["post-3129","post","type-post","status-publish","format-standard","has-post-thumbnail","hentry","category-volume","category-design-despace","tag-enseigne-sur-mesure","univers-office-design"],"acf":[],"yoast_head":"<!-- This site is optimized with the Yoast SEO plugin v27.4 - https:\/\/yoast.com\/product\/yoast-seo-wordpress\/ -->\n<title>Signal\u00e9tique lumineuse pour le si\u00e8ge de SNCF Voyageurs<\/title>\n<meta name=\"description\" content=\"Exhibit Group signe une enseigne sur mesure et r\u00e9tro\u00e9clair\u00e9e pour l\u2019entr\u00e9e du nouveau si\u00e8ge SNCF Voyageurs \u00e0 Saint-Denis. Signal\u00e9tique pens\u00e9e pour durer.\" \/>\n<meta name=\"robots\" content=\"index, follow, max-snippet:-1, max-image-preview:large, max-video-preview:-1\" \/>\n<link rel=\"canonical\" href=\"https:\/\/exhibitgroup.fr\/fr\/sncf-voyageurs\/\" \/>\n<meta property=\"og:locale\" content=\"fr_FR\" \/>\n<meta property=\"og:type\" content=\"article\" \/>\n<meta property=\"og:title\" content=\"Signal\u00e9tique lumineuse pour le si\u00e8ge de SNCF Voyageurs\" \/>\n<meta property=\"og:description\" content=\"Exhibit Group signe une enseigne sur mesure et r\u00e9tro\u00e9clair\u00e9e pour l\u2019entr\u00e9e du nouveau si\u00e8ge SNCF Voyageurs \u00e0 Saint-Denis. Signal\u00e9tique pens\u00e9e pour durer.\" \/>\n<meta property=\"og:url\" content=\"https:\/\/exhibitgroup.fr\/fr\/sncf-voyageurs\/\" \/>\n<meta property=\"og:site_name\" content=\"Exhibit Group\" \/>\n<meta property=\"article:publisher\" content=\"https:\/\/www.facebook.com\/ExhibitGroup.fr\/\" \/>\n<meta property=\"article:published_time\" content=\"2025-06-01T22:09:19+00:00\" \/>\n<meta property=\"article:modified_time\" content=\"2026-01-15T15:31:31+00:00\" \/>\n<meta property=\"og:image\" content=\"https:\/\/exhibitgroup.fr\/wp-content\/uploads\/IMG_1109_02-scaled.jpg\" \/>\n\t<meta property=\"og:image:width\" content=\"2560\" \/>\n\t<meta property=\"og:image:height\" content=\"1920\" \/>\n\t<meta property=\"og:image:type\" content=\"image\/jpeg\" \/>\n<meta name=\"author\" content=\"Caroline\" \/>\n<meta name=\"twitter:card\" content=\"summary_large_image\" \/>\n<meta name=\"twitter:label1\" content=\"\u00c9crit par\" \/>\n\t<meta name=\"twitter:data1\" content=\"Caroline\" \/>\n\t<meta name=\"twitter:label2\" content=\"Dur\u00e9e de lecture estim\u00e9e\" \/>\n\t<meta name=\"twitter:data2\" content=\"3 minutes\" \/>\n<script type=\"application\/ld+json\" class=\"yoast-schema-graph\">{\"@context\":\"https:\\\/\\\/schema.org\",\"@graph\":[{\"@type\":\"Article\",\"@id\":\"https:\\\/\\\/exhibitgroup.fr\\\/fr\\\/sncf-voyageurs\\\/#article\",\"isPartOf\":{\"@id\":\"https:\\\/\\\/exhibitgroup.fr\\\/fr\\\/sncf-voyageurs\\\/\"},\"author\":{\"name\":\"Caroline\",\"@id\":\"https:\\\/\\\/exhibitgroup.fr\\\/fr\\\/#\\\/schema\\\/person\\\/12bff46011088e10d40d17a8912f6ba1\"},\"headline\":\"SNCF Voyageurs\",\"datePublished\":\"2025-06-01T22:09:19+00:00\",\"dateModified\":\"2026-01-15T15:31:31+00:00\",\"mainEntityOfPage\":{\"@id\":\"https:\\\/\\\/exhibitgroup.fr\\\/fr\\\/sncf-voyageurs\\\/\"},\"wordCount\":294,\"publisher\":{\"@id\":\"https:\\\/\\\/exhibitgroup.fr\\\/fr\\\/#organization\"},\"image\":{\"@id\":\"https:\\\/\\\/exhibitgroup.fr\\\/fr\\\/sncf-voyageurs\\\/#primaryimage\"},\"thumbnailUrl\":\"https:\\\/\\\/exhibitgroup.fr\\\/wp-content\\\/uploads\\\/IMG_1109_02-scaled.jpg\",\"keywords\":[\"Enseigne sur mesure\"],\"articleSection\":[\"Volume\",\"Design d'espace\"],\"inLanguage\":\"fr-FR\"},{\"@type\":\"WebPage\",\"@id\":\"https:\\\/\\\/exhibitgroup.fr\\\/fr\\\/sncf-voyageurs\\\/\",\"url\":\"https:\\\/\\\/exhibitgroup.fr\\\/fr\\\/sncf-voyageurs\\\/\",\"name\":\"Signal\u00e9tique lumineuse pour le si\u00e8ge de SNCF Voyageurs\",\"isPartOf\":{\"@id\":\"https:\\\/\\\/exhibitgroup.fr\\\/fr\\\/#website\"},\"primaryImageOfPage\":{\"@id\":\"https:\\\/\\\/exhibitgroup.fr\\\/fr\\\/sncf-voyageurs\\\/#primaryimage\"},\"image\":{\"@id\":\"https:\\\/\\\/exhibitgroup.fr\\\/fr\\\/sncf-voyageurs\\\/#primaryimage\"},\"thumbnailUrl\":\"https:\\\/\\\/exhibitgroup.fr\\\/wp-content\\\/uploads\\\/IMG_1109_02-scaled.jpg\",\"datePublished\":\"2025-06-01T22:09:19+00:00\",\"dateModified\":\"2026-01-15T15:31:31+00:00\",\"description\":\"Exhibit Group signe une enseigne sur mesure et r\u00e9tro\u00e9clair\u00e9e pour l\u2019entr\u00e9e du nouveau si\u00e8ge SNCF Voyageurs \u00e0 Saint-Denis. Signal\u00e9tique pens\u00e9e pour durer.\",\"breadcrumb\":{\"@id\":\"https:\\\/\\\/exhibitgroup.fr\\\/fr\\\/sncf-voyageurs\\\/#breadcrumb\"},\"inLanguage\":\"fr-FR\",\"potentialAction\":[{\"@type\":\"ReadAction\",\"target\":[\"https:\\\/\\\/exhibitgroup.fr\\\/fr\\\/sncf-voyageurs\\\/\"]}]},{\"@type\":\"ImageObject\",\"inLanguage\":\"fr-FR\",\"@id\":\"https:\\\/\\\/exhibitgroup.fr\\\/fr\\\/sncf-voyageurs\\\/#primaryimage\",\"url\":\"https:\\\/\\\/exhibitgroup.fr\\\/wp-content\\\/uploads\\\/IMG_1109_02-scaled.jpg\",\"contentUrl\":\"https:\\\/\\\/exhibitgroup.fr\\\/wp-content\\\/uploads\\\/IMG_1109_02-scaled.jpg\",\"width\":2560,\"height\":1920},{\"@type\":\"BreadcrumbList\",\"@id\":\"https:\\\/\\\/exhibitgroup.fr\\\/fr\\\/sncf-voyageurs\\\/#breadcrumb\",\"itemListElement\":[{\"@type\":\"ListItem\",\"position\":1,\"name\":\"Accueil\",\"item\":\"https:\\\/\\\/exhibitgroup.fr\\\/\"},{\"@type\":\"ListItem\",\"position\":2,\"name\":\"SNCF Voyageurs\"}]},{\"@type\":\"WebSite\",\"@id\":\"https:\\\/\\\/exhibitgroup.fr\\\/fr\\\/#website\",\"url\":\"https:\\\/\\\/exhibitgroup.fr\\\/fr\\\/\",\"name\":\"Exhibit Group\",\"description\":\"\",\"publisher\":{\"@id\":\"https:\\\/\\\/exhibitgroup.fr\\\/fr\\\/#organization\"},\"potentialAction\":[{\"@type\":\"SearchAction\",\"target\":{\"@type\":\"EntryPoint\",\"urlTemplate\":\"https:\\\/\\\/exhibitgroup.fr\\\/fr\\\/?s={search_term_string}\"},\"query-input\":{\"@type\":\"PropertyValueSpecification\",\"valueRequired\":true,\"valueName\":\"search_term_string\"}}],\"inLanguage\":\"fr-FR\"},{\"@type\":\"Organization\",\"@id\":\"https:\\\/\\\/exhibitgroup.fr\\\/fr\\\/#organization\",\"name\":\"Exhibit Group\",\"url\":\"https:\\\/\\\/exhibitgroup.fr\\\/fr\\\/\",\"logo\":{\"@type\":\"ImageObject\",\"inLanguage\":\"fr-FR\",\"@id\":\"https:\\\/\\\/exhibitgroup.fr\\\/fr\\\/#\\\/schema\\\/logo\\\/image\\\/\",\"url\":\"https:\\\/\\\/exhibitgroup.fr\\\/wp-content\\\/uploads\\\/EXHIBIT_GROUP_LOGO.jpg\",\"contentUrl\":\"https:\\\/\\\/exhibitgroup.fr\\\/wp-content\\\/uploads\\\/EXHIBIT_GROUP_LOGO.jpg\",\"width\":2373,\"height\":675,\"caption\":\"Exhibit Group\"},\"image\":{\"@id\":\"https:\\\/\\\/exhibitgroup.fr\\\/fr\\\/#\\\/schema\\\/logo\\\/image\\\/\"},\"sameAs\":[\"https:\\\/\\\/www.facebook.com\\\/ExhibitGroup.fr\\\/\",\"https:\\\/\\\/fr.linkedin.com\\\/company\\\/exhibit-group_2\"]},{\"@type\":\"Person\",\"@id\":\"https:\\\/\\\/exhibitgroup.fr\\\/fr\\\/#\\\/schema\\\/person\\\/12bff46011088e10d40d17a8912f6ba1\",\"name\":\"Caroline\",\"image\":{\"@type\":\"ImageObject\",\"inLanguage\":\"fr-FR\",\"@id\":\"https:\\\/\\\/secure.gravatar.com\\\/avatar\\\/b742905a0e6352554ed66a91fe56e2dd768f2154eb4cdc715f7cccba9c7a5802?s=96&d=mm&r=g\",\"url\":\"https:\\\/\\\/secure.gravatar.com\\\/avatar\\\/b742905a0e6352554ed66a91fe56e2dd768f2154eb4cdc715f7cccba9c7a5802?s=96&d=mm&r=g\",\"contentUrl\":\"https:\\\/\\\/secure.gravatar.com\\\/avatar\\\/b742905a0e6352554ed66a91fe56e2dd768f2154eb4cdc715f7cccba9c7a5802?s=96&d=mm&r=g\",\"caption\":\"Caroline\"},\"url\":\"https:\\\/\\\/exhibitgroup.fr\\\/fr\\\/author\\\/caro\\\/\"}]}<\/script>\n<!-- \/ Yoast SEO plugin. -->","yoast_head_json":{"title":"Signal\u00e9tique lumineuse pour le si\u00e8ge de SNCF Voyageurs","description":"Exhibit Group signe une enseigne sur mesure et r\u00e9tro\u00e9clair\u00e9e pour l\u2019entr\u00e9e du nouveau si\u00e8ge SNCF Voyageurs \u00e0 Saint-Denis. Signal\u00e9tique pens\u00e9e pour durer.","robots":{"index":"index","follow":"follow","max-snippet":"max-snippet:-1","max-image-preview":"max-image-preview:large","max-video-preview":"max-video-preview:-1"},"canonical":"https:\/\/exhibitgroup.fr\/fr\/sncf-voyageurs\/","og_locale":"fr_FR","og_type":"article","og_title":"Signal\u00e9tique lumineuse pour le si\u00e8ge de SNCF Voyageurs","og_description":"Exhibit Group signe une enseigne sur mesure et r\u00e9tro\u00e9clair\u00e9e pour l\u2019entr\u00e9e du nouveau si\u00e8ge SNCF Voyageurs \u00e0 Saint-Denis. Signal\u00e9tique pens\u00e9e pour durer.","og_url":"https:\/\/exhibitgroup.fr\/fr\/sncf-voyageurs\/","og_site_name":"Exhibit Group","article_publisher":"https:\/\/www.facebook.com\/ExhibitGroup.fr\/","article_published_time":"2025-06-01T22:09:19+00:00","article_modified_time":"2026-01-15T15:31:31+00:00","og_image":[{"width":2560,"height":1920,"url":"https:\/\/exhibitgroup.fr\/wp-content\/uploads\/IMG_1109_02-scaled.jpg","type":"image\/jpeg"}],"author":"Caroline","twitter_card":"summary_large_image","twitter_misc":{"\u00c9crit par":"Caroline","Dur\u00e9e de lecture estim\u00e9e":"3 minutes"},"schema":{"@context":"https:\/\/schema.org","@graph":[{"@type":"Article","@id":"https:\/\/exhibitgroup.fr\/fr\/sncf-voyageurs\/#article","isPartOf":{"@id":"https:\/\/exhibitgroup.fr\/fr\/sncf-voyageurs\/"},"author":{"name":"Caroline","@id":"https:\/\/exhibitgroup.fr\/fr\/#\/schema\/person\/12bff46011088e10d40d17a8912f6ba1"},"headline":"SNCF Voyageurs","datePublished":"2025-06-01T22:09:19+00:00","dateModified":"2026-01-15T15:31:31+00:00","mainEntityOfPage":{"@id":"https:\/\/exhibitgroup.fr\/fr\/sncf-voyageurs\/"},"wordCount":294,"publisher":{"@id":"https:\/\/exhibitgroup.fr\/fr\/#organization"},"image":{"@id":"https:\/\/exhibitgroup.fr\/fr\/sncf-voyageurs\/#primaryimage"},"thumbnailUrl":"https:\/\/exhibitgroup.fr\/wp-content\/uploads\/IMG_1109_02-scaled.jpg","keywords":["Enseigne sur mesure"],"articleSection":["Volume","Design d'espace"],"inLanguage":"fr-FR"},{"@type":"WebPage","@id":"https:\/\/exhibitgroup.fr\/fr\/sncf-voyageurs\/","url":"https:\/\/exhibitgroup.fr\/fr\/sncf-voyageurs\/","name":"Signal\u00e9tique lumineuse pour le si\u00e8ge de SNCF Voyageurs","isPartOf":{"@id":"https:\/\/exhibitgroup.fr\/fr\/#website"},"primaryImageOfPage":{"@id":"https:\/\/exhibitgroup.fr\/fr\/sncf-voyageurs\/#primaryimage"},"image":{"@id":"https:\/\/exhibitgroup.fr\/fr\/sncf-voyageurs\/#primaryimage"},"thumbnailUrl":"https:\/\/exhibitgroup.fr\/wp-content\/uploads\/IMG_1109_02-scaled.jpg","datePublished":"2025-06-01T22:09:19+00:00","dateModified":"2026-01-15T15:31:31+00:00","description":"Exhibit Group signe une enseigne sur mesure et r\u00e9tro\u00e9clair\u00e9e pour l\u2019entr\u00e9e du nouveau si\u00e8ge SNCF Voyageurs \u00e0 Saint-Denis. Signal\u00e9tique pens\u00e9e pour durer.","breadcrumb":{"@id":"https:\/\/exhibitgroup.fr\/fr\/sncf-voyageurs\/#breadcrumb"},"inLanguage":"fr-FR","potentialAction":[{"@type":"ReadAction","target":["https:\/\/exhibitgroup.fr\/fr\/sncf-voyageurs\/"]}]},{"@type":"ImageObject","inLanguage":"fr-FR","@id":"https:\/\/exhibitgroup.fr\/fr\/sncf-voyageurs\/#primaryimage","url":"https:\/\/exhibitgroup.fr\/wp-content\/uploads\/IMG_1109_02-scaled.jpg","contentUrl":"https:\/\/exhibitgroup.fr\/wp-content\/uploads\/IMG_1109_02-scaled.jpg","width":2560,"height":1920},{"@type":"BreadcrumbList","@id":"https:\/\/exhibitgroup.fr\/fr\/sncf-voyageurs\/#breadcrumb","itemListElement":[{"@type":"ListItem","position":1,"name":"Accueil","item":"https:\/\/exhibitgroup.fr\/"},{"@type":"ListItem","position":2,"name":"SNCF Voyageurs"}]},{"@type":"WebSite","@id":"https:\/\/exhibitgroup.fr\/fr\/#website","url":"https:\/\/exhibitgroup.fr\/fr\/","name":"Exhibit Group","description":"","publisher":{"@id":"https:\/\/exhibitgroup.fr\/fr\/#organization"},"potentialAction":[{"@type":"SearchAction","target":{"@type":"EntryPoint","urlTemplate":"https:\/\/exhibitgroup.fr\/fr\/?s={search_term_string}"},"query-input":{"@type":"PropertyValueSpecification","valueRequired":true,"valueName":"search_term_string"}}],"inLanguage":"fr-FR"},{"@type":"Organization","@id":"https:\/\/exhibitgroup.fr\/fr\/#organization","name":"Exhibit Group","url":"https:\/\/exhibitgroup.fr\/fr\/","logo":{"@type":"ImageObject","inLanguage":"fr-FR","@id":"https:\/\/exhibitgroup.fr\/fr\/#\/schema\/logo\/image\/","url":"https:\/\/exhibitgroup.fr\/wp-content\/uploads\/EXHIBIT_GROUP_LOGO.jpg","contentUrl":"https:\/\/exhibitgroup.fr\/wp-content\/uploads\/EXHIBIT_GROUP_LOGO.jpg","width":2373,"height":675,"caption":"Exhibit Group"},"image":{"@id":"https:\/\/exhibitgroup.fr\/fr\/#\/schema\/logo\/image\/"},"sameAs":["https:\/\/www.facebook.com\/ExhibitGroup.fr\/","https:\/\/fr.linkedin.com\/company\/exhibit-group_2"]},{"@type":"Person","@id":"https:\/\/exhibitgroup.fr\/fr\/#\/schema\/person\/12bff46011088e10d40d17a8912f6ba1","name":"Caroline","image":{"@type":"ImageObject","inLanguage":"fr-FR","@id":"https:\/\/secure.gravatar.com\/avatar\/b742905a0e6352554ed66a91fe56e2dd768f2154eb4cdc715f7cccba9c7a5802?s=96&d=mm&r=g","url":"https:\/\/secure.gravatar.com\/avatar\/b742905a0e6352554ed66a91fe56e2dd768f2154eb4cdc715f7cccba9c7a5802?s=96&d=mm&r=g","contentUrl":"https:\/\/secure.gravatar.com\/avatar\/b742905a0e6352554ed66a91fe56e2dd768f2154eb4cdc715f7cccba9c7a5802?s=96&d=mm&r=g","caption":"Caroline"},"url":"https:\/\/exhibitgroup.fr\/fr\/author\/caro\/"}]}},"_links":{"self":[{"href":"https:\/\/exhibitgroup.fr\/fr\/wp-json\/wp\/v2\/posts\/3129","targetHints":{"allow":["GET"]}}],"collection":[{"href":"https:\/\/exhibitgroup.fr\/fr\/wp-json\/wp\/v2\/posts"}],"about":[{"href":"https:\/\/exhibitgroup.fr\/fr\/wp-json\/wp\/v2\/types\/post"}],"author":[{"embeddable":true,"href":"https:\/\/exhibitgroup.fr\/fr\/wp-json\/wp\/v2\/users\/6"}],"replies":[{"embeddable":true,"href":"https:\/\/exhibitgroup.fr\/fr\/wp-json\/wp\/v2\/comments?post=3129"}],"version-history":[{"count":0,"href":"https:\/\/exhibitgroup.fr\/fr\/wp-json\/wp\/v2\/posts\/3129\/revisions"}],"wp:featuredmedia":[{"embeddable":true,"href":"https:\/\/exhibitgroup.fr\/fr\/wp-json\/wp\/v2\/media\/3134"}],"wp:attachment":[{"href":"https:\/\/exhibitgroup.fr\/fr\/wp-json\/wp\/v2\/media?parent=3129"}],"wp:term":[{"taxonomy":"category","embeddable":true,"href":"https:\/\/exhibitgroup.fr\/fr\/wp-json\/wp\/v2\/categories?post=3129"},{"taxonomy":"post_tag","embeddable":true,"href":"https:\/\/exhibitgroup.fr\/fr\/wp-json\/wp\/v2\/tags?post=3129"},{"taxonomy":"univers","embeddable":true,"href":"https:\/\/exhibitgroup.fr\/fr\/wp-json\/wp\/v2\/univers?post=3129"}],"curies":[{"name":"wp","href":"https:\/\/api.w.org\/{rel}","templated":true}]}}