{"id":3146,"date":"2025-06-01T22:16:01","date_gmt":"2025-06-01T22:16:01","guid":{"rendered":"https:\/\/exhibitgroup.fr\/?p=3146"},"modified":"2025-07-25T09:40:04","modified_gmt":"2025-07-25T09:40:04","slug":"le-fil-de-la-memoire","status":"publish","type":"post","link":"https:\/\/exhibitgroup.fr\/en\/the-thread-of-memory\/","title":{"rendered":"Le Fil de la M\u00e9moire"},"content":{"rendered":"<div data-elementor-type=\"wp-post\" data-elementor-id=\"3146\" class=\"elementor elementor-3146\" data-elementor-post-type=\"post\">\n\t\t\t\t<div class=\"elementor-element elementor-element-9eb0246 e-flex e-con-boxed e-con e-parent\" data-id=\"9eb0246\" data-element_type=\"container\" data-e-type=\"container\">\n\t\t\t\t\t<div class=\"e-con-inner\">\n\t\t<div class=\"elementor-element elementor-element-2e04d05 e-con-full e-flex e-con e-child\" data-id=\"2e04d05\" data-element_type=\"container\" data-e-type=\"container\">\n\t\t<div class=\"elementor-element elementor-element-414c0c4 e-con-full e-flex e-con e-child\" data-id=\"414c0c4\" data-element_type=\"container\" data-e-type=\"container\">\n\t\t\t\t<div class=\"elementor-element elementor-element-9f1603e elementor-widget__width-initial elementor-widget elementor-widget-heading\" data-id=\"9f1603e\" data-element_type=\"widget\" data-e-type=\"widget\" data-widget_type=\"heading.default\">\n\t\t\t\t<div class=\"elementor-widget-container\">\n\t\t\t\t\t<h1 class=\"elementor-heading-title elementor-size-default\">Le Fil de la M\u00e9moire<\/h1>\t\t\t\t<\/div>\n\t\t\t\t<\/div>\n\t\t\t\t<div class=\"elementor-element elementor-element-ab266ee elementor-widget__width-initial elementor-widget elementor-widget-text-editor\" data-id=\"ab266ee\" data-element_type=\"widget\" data-e-type=\"widget\" data-widget_type=\"text-editor.default\">\n\t\t\t\t<div class=\"elementor-widget-container\">\n\t\t\t\t\t\t\t\t\t<p>To mark the 80th anniversary of D-Day, the exhibition<a title=\"Au Fil de la M\u00e9moire\" href=\"https:\/\/news.microsoft.com\/fr-fr\/2024\/06\/04\/le-fil-de-la-memoire-preserver-les-recits-des-derniers-heros-du-debarquement-pour-les-generations-futures\/\" target=\"_blank\" rel=\"noopener noreferrer\"> Au Fil de la M\u00e9moire <\/a>invites you to relive the founding moments of our history, from the <a title=\"D-Day\" href=\"https:\/\/www.normandie-tourisme.fr\/decouverte\/d-day-et-bataille-de-normandie\/\" target=\"_blank\" rel=\"noopener noreferrer\">D-Day<\/a> and the Liberation of France to the Battle of Paris. Designed by<a title=\" ICONE M \" href=\"https:\/\/iconem.com\/\" target=\"_blank\" rel=\"noopener noreferrer\">ICONEM <\/a>and lit by ETC, this immersive scenography combines technological innovation with the preservation of the stories of the last heroes.<\/p>\t\t\t\t\t\t\t\t<\/div>\n\t\t\t\t<\/div>\n\t\t\t\t<\/div>\n\t\t\t\t<div class=\"elementor-element elementor-element-538512c elementor-widget__width-initial elementor-widget elementor-widget-image\" data-id=\"538512c\" data-element_type=\"widget\" data-e-type=\"widget\" data-widget_type=\"image.default\">\n\t\t\t\t<div class=\"elementor-widget-container\">\n\t\t\t\t\t\t\t\t\t\t\t\t\t\t\t\t<a href=\"https:\/\/exhibitgroup.fr\/wp-content\/uploads\/IMG_8442-1-scaled.jpg\" data-elementor-open-lightbox=\"yes\" data-elementor-lightbox-title=\"d-day\" data-e-action-hash=\"#elementor-action%3Aaction%3Dlightbox%26settings%3DeyJpZCI6MzE0OCwidXJsIjoiaHR0cHM6XC9cL2V4aGliaXRncm91cC5mclwvd3AtY29udGVudFwvdXBsb2Fkc1wvSU1HXzg0NDItMS1zY2FsZWQuanBnIn0%3D\">\n\t\t\t\t\t\t\t<img fetchpriority=\"high\" decoding=\"async\" width=\"1920\" height=\"2560\" src=\"https:\/\/exhibitgroup.fr\/wp-content\/uploads\/IMG_8442-1-scaled.jpg\" class=\"attachment-full size-full wp-image-3148\" alt=\"\" \/>\t\t\t\t\t\t\t\t<\/a>\n\t\t\t\t\t\t\t\t\t\t\t\t\t\t\t<\/div>\n\t\t\t\t<\/div>\n\t\t\t\t<\/div>\n\t\t<div class=\"elementor-element elementor-element-0763a2e e-con-full e-flex e-con e-child\" data-id=\"0763a2e\" data-element_type=\"container\" data-e-type=\"container\">\n\t\t\t\t<div class=\"elementor-element elementor-element-2f99ec1 elementor-widget elementor-widget-image\" data-id=\"2f99ec1\" data-element_type=\"widget\" data-e-type=\"widget\" data-widget_type=\"image.default\">\n\t\t\t\t<div class=\"elementor-widget-container\">\n\t\t\t\t\t\t\t\t\t\t\t\t\t\t\t\t<a href=\"https:\/\/exhibitgroup.fr\/wp-content\/uploads\/Capture-decran-2024-12-17-a-15.23.08.png\" data-elementor-open-lightbox=\"yes\" data-elementor-lightbox-title=\"d-day\" data-e-action-hash=\"#elementor-action%3Aaction%3Dlightbox%26settings%3DeyJpZCI6MzE0OSwidXJsIjoiaHR0cHM6XC9cL2V4aGliaXRncm91cC5mclwvd3AtY29udGVudFwvdXBsb2Fkc1wvQ2FwdHVyZS1kZWNyYW4tMjAyNC0xMi0xNy1hLTE1LjIzLjA4LnBuZyJ9\">\n\t\t\t\t\t\t\t<img decoding=\"async\" width=\"1102\" height=\"850\" src=\"https:\/\/exhibitgroup.fr\/wp-content\/uploads\/Capture-decran-2024-12-17-a-15.23.08.png\" class=\"attachment-full size-full wp-image-3149\" alt=\"\" \/>\t\t\t\t\t\t\t\t<\/a>\n\t\t\t\t\t\t\t\t\t\t\t\t\t\t\t<\/div>\n\t\t\t\t<\/div>\n\t\t\t\t<\/div>\n\t\t<div class=\"elementor-element elementor-element-5450b4b e-con-full e-flex e-con e-child\" data-id=\"5450b4b\" data-element_type=\"container\" data-e-type=\"container\">\n\t\t<div class=\"elementor-element elementor-element-d152b94 e-con-full e-flex e-con e-child\" data-id=\"d152b94\" data-element_type=\"container\" data-e-type=\"container\">\n\t\t\t\t<div class=\"elementor-element elementor-element-e29fe99 elementor-widget elementor-widget-image\" data-id=\"e29fe99\" data-element_type=\"widget\" data-e-type=\"widget\" data-widget_type=\"image.default\">\n\t\t\t\t<div class=\"elementor-widget-container\">\n\t\t\t\t\t\t\t\t\t\t\t\t\t\t\t\t<a href=\"https:\/\/exhibitgroup.fr\/wp-content\/uploads\/Capture-decran-2024-12-17-a-15.22.52-2.png\" data-elementor-open-lightbox=\"yes\" data-elementor-lightbox-title=\"d-day\" data-e-action-hash=\"#elementor-action%3Aaction%3Dlightbox%26settings%3DeyJpZCI6MzE1MCwidXJsIjoiaHR0cHM6XC9cL2V4aGliaXRncm91cC5mclwvd3AtY29udGVudFwvdXBsb2Fkc1wvQ2FwdHVyZS1kZWNyYW4tMjAyNC0xMi0xNy1hLTE1LjIyLjUyLTIucG5nIn0%3D\">\n\t\t\t\t\t\t\t<img decoding=\"async\" width=\"1102\" height=\"850\" src=\"https:\/\/exhibitgroup.fr\/wp-content\/uploads\/Capture-decran-2024-12-17-a-15.22.52-2.png\" class=\"attachment-full size-full wp-image-3150\" alt=\"\" \/>\t\t\t\t\t\t\t\t<\/a>\n\t\t\t\t\t\t\t\t\t\t\t\t\t\t\t<\/div>\n\t\t\t\t<\/div>\n\t\t\t\t<div class=\"elementor-element elementor-element-fa8ba2f elementor-widget elementor-widget-image\" data-id=\"fa8ba2f\" data-element_type=\"widget\" data-e-type=\"widget\" data-widget_type=\"image.default\">\n\t\t\t\t<div class=\"elementor-widget-container\">\n\t\t\t\t\t\t\t\t\t\t\t\t\t\t\t\t<a href=\"https:\/\/exhibitgroup.fr\/wp-content\/uploads\/IMG_4390-scaled.jpg\" data-elementor-open-lightbox=\"yes\" data-elementor-lightbox-title=\"d-day\" data-e-action-hash=\"#elementor-action%3Aaction%3Dlightbox%26settings%3DeyJpZCI6MzE1MSwidXJsIjoiaHR0cHM6XC9cL2V4aGliaXRncm91cC5mclwvd3AtY29udGVudFwvdXBsb2Fkc1wvSU1HXzQzOTAtc2NhbGVkLmpwZyJ9\">\n\t\t\t\t\t\t\t<img loading=\"lazy\" decoding=\"async\" width=\"1920\" height=\"2560\" src=\"https:\/\/exhibitgroup.fr\/wp-content\/uploads\/IMG_4390-scaled.jpg\" class=\"attachment-full size-full wp-image-3151\" alt=\"\" \/>\t\t\t\t\t\t\t\t<\/a>\n\t\t\t\t\t\t\t\t\t\t\t\t\t\t\t<\/div>\n\t\t\t\t<\/div>\n\t\t\t\t<\/div>\n\t\t<div class=\"elementor-element elementor-element-e84e27e e-con-full e-flex e-con e-child\" data-id=\"e84e27e\" data-element_type=\"container\" data-e-type=\"container\" data-settings=\"{&quot;background_background&quot;:&quot;classic&quot;}\">\n\t\t\t\t<div class=\"elementor-element elementor-element-5cc400a elementor-widget elementor-widget-heading\" data-id=\"5cc400a\" data-element_type=\"widget\" data-e-type=\"widget\" data-widget_type=\"heading.default\">\n\t\t\t\t<div class=\"elementor-widget-container\">\n\t\t\t\t\t<h2 class=\"elementor-heading-title elementor-size-default\">History meets AI, an unprecedented immersion experience<\/h2>\t\t\t\t<\/div>\n\t\t\t\t<\/div>\n\t\t\t\t<div class=\"elementor-element elementor-element-7abe919 elementor-widget__width-initial elementor-widget elementor-widget-text-editor\" data-id=\"7abe919\" data-element_type=\"widget\" data-e-type=\"widget\" data-widget_type=\"text-editor.default\">\n\t\t\t\t<div class=\"elementor-widget-container\">\n\t\t\t\t\t\t\t\t\t<p>Drawing on the power of artificial intelligence, the exhibition takes visitors on an unprecedented journey through time, paying tribute to the past while building a bridge to future generations.<\/p><p>After the first edition at <a title=\"National Stud Equestrian Centre\" href=\"https:\/\/www.polehippiquestlo.fr\/\" target=\"_blank\" rel=\"noopener noreferrer\">National Stud Equestrian Centre<\/a> of Saint-L\u00f4 (Manche) in June 2024, followed by a second stop in Saint-Rapha\u00ebl (Var) in August, Au Fil de la M\u00e9moire ended in the <a title=\"Army Museum\" href=\"https:\/\/www.musee-armee.fr\/accueil.html\" target=\"_blank\" rel=\"noopener noreferrer\">Army Museum<\/a> in Paris on 18 December.<\/p><p>We are delighted to have contributed to this exceptional project, which celebrates transmission and emotion.<\/p>\t\t\t\t\t\t\t\t<\/div>\n\t\t\t\t<\/div>\n\t\t\t\t<\/div>\n\t\t\t\t<\/div>\n\t\t<div class=\"elementor-element elementor-element-3dd66a3 e-con-full e-flex e-con e-child\" data-id=\"3dd66a3\" data-element_type=\"container\" data-e-type=\"container\">\n\t\t\t\t<div class=\"elementor-element elementor-element-a5ab4cf elementor-widget elementor-widget-image\" data-id=\"a5ab4cf\" data-element_type=\"widget\" data-e-type=\"widget\" data-widget_type=\"image.default\">\n\t\t\t\t<div class=\"elementor-widget-container\">\n\t\t\t\t\t\t\t\t\t\t\t\t\t\t\t\t<a href=\"https:\/\/exhibitgroup.fr\/wp-content\/uploads\/IMG_4368-scaled.jpg\" data-elementor-open-lightbox=\"yes\" data-elementor-lightbox-title=\"d-day\" data-e-action-hash=\"#elementor-action%3Aaction%3Dlightbox%26settings%3DeyJpZCI6MzE1MywidXJsIjoiaHR0cHM6XC9cL2V4aGliaXRncm91cC5mclwvd3AtY29udGVudFwvdXBsb2Fkc1wvSU1HXzQzNjgtc2NhbGVkLmpwZyJ9\">\n\t\t\t\t\t\t\t<img loading=\"lazy\" decoding=\"async\" width=\"1920\" height=\"2560\" src=\"https:\/\/exhibitgroup.fr\/wp-content\/uploads\/IMG_4368-scaled.jpg\" class=\"attachment-full size-full wp-image-3153\" alt=\"\" \/>\t\t\t\t\t\t\t\t<\/a>\n\t\t\t\t\t\t\t\t\t\t\t\t\t\t\t<\/div>\n\t\t\t\t<\/div>\n\t\t\t\t<\/div>\n\t\t<div class=\"elementor-element elementor-element-5302ed5 e-con-full e-flex e-con e-child\" data-id=\"5302ed5\" data-element_type=\"container\" data-e-type=\"container\">\n\t\t<div class=\"elementor-element elementor-element-a989c55 e-con-full e-flex e-con e-child\" data-id=\"a989c55\" data-element_type=\"container\" data-e-type=\"container\">\n\t\t\t\t<div class=\"elementor-element elementor-element-db2edc1 elementor-widget elementor-widget-image\" data-id=\"db2edc1\" data-element_type=\"widget\" data-e-type=\"widget\" data-widget_type=\"image.default\">\n\t\t\t\t<div class=\"elementor-widget-container\">\n\t\t\t\t\t\t\t\t\t\t\t\t\t\t\t\t<a href=\"https:\/\/exhibitgroup.fr\/wp-content\/uploads\/IMG_4371-scaled.jpg\" data-elementor-open-lightbox=\"yes\" data-elementor-lightbox-title=\"dday\" data-e-action-hash=\"#elementor-action%3Aaction%3Dlightbox%26settings%3DeyJpZCI6NTM0MywidXJsIjoiaHR0cHM6XC9cL2V4aGliaXRncm91cC5mclwvd3AtY29udGVudFwvdXBsb2Fkc1wvSU1HXzQzNzEtc2NhbGVkLmpwZyJ9\">\n\t\t\t\t\t\t\t<img loading=\"lazy\" decoding=\"async\" width=\"1920\" height=\"2560\" src=\"https:\/\/exhibitgroup.fr\/wp-content\/uploads\/IMG_4371-scaled.jpg\" class=\"attachment-full size-full wp-image-5343\" alt=\"\" \/>\t\t\t\t\t\t\t\t<\/a>\n\t\t\t\t\t\t\t\t\t\t\t\t\t\t\t<\/div>\n\t\t\t\t<\/div>\n\t\t\t\t<\/div>\n\t\t<div class=\"elementor-element elementor-element-d17b857 e-con-full e-flex e-con e-child\" data-id=\"d17b857\" data-element_type=\"container\" data-e-type=\"container\" data-settings=\"{&quot;background_background&quot;:&quot;classic&quot;}\">\n\t\t\t\t<div class=\"elementor-element elementor-element-94a070f elementor-widget elementor-widget-heading\" data-id=\"94a070f\" data-element_type=\"widget\" data-e-type=\"widget\" data-widget_type=\"heading.default\">\n\t\t\t\t<div class=\"elementor-widget-container\">\n\t\t\t\t\t<h2 class=\"elementor-heading-title elementor-size-default\">Expectations<\/h2>\t\t\t\t<\/div>\n\t\t\t\t<\/div>\n\t\t\t\t<div class=\"elementor-element elementor-element-7b2f9e4 elementor-widget elementor-widget-text-editor\" data-id=\"7b2f9e4\" data-element_type=\"widget\" data-e-type=\"widget\" data-widget_type=\"text-editor.default\">\n\t\t\t\t<div class=\"elementor-widget-container\">\n\t\t\t\t\t\t\t\t\t<p><strong>The Au Fil De La M\u00e9moire exhibition required the mobilisation of complementary expertise: layout, digital printing on fabric and adhesives, custom carpentry, etc.<\/strong><\/p><p>The materials we have carefully selected for this immersive exhibition play a key role in creating a unique visual and sensory experience. As well as being an eco-responsible choice, recycled black-back fabric offers perfect opacity and an elegant texture, ideal for highlighting the visuals. The opaque monomeric vinyl and brushed aluminium vinyl add real depth to the set design.<\/p><p>For each edition, certain graphic elements have been subtly adapted to reflect the natural evolution of time and to fit in perfectly with the venues. For example, the colour of the carpet was adjusted to match the ambience of each site, and the prints were revisited with chromatic variations to bring a unique touch to each exhibition. These changes gave a visual dynamic to the exhibition while respecting its essence, illustrating that memory, like time, is in constant transformation.<\/p><p>We met a major technical challenge by installing imposing elements in exceptional sites such as the prestigious Mus\u00e9e de l'Arm\u00e9e - H\u00f4tel National des Invalides. These heritage sites, rich in history, require absolute rigour to accommodate complex scenography while preserving their integrity. The installation of all the woodwork, which is often bulky and delicate, as well as the installation of the carpet rolls on the fragile floors, required highly specialised expertise and pinpoint accuracy. This touring exhibition combines innovation and memory to offer visitors a unique experience.<\/p><p>\u00a0<\/p>\t\t\t\t\t\t\t\t<\/div>\n\t\t\t\t<\/div>\n\t\t\t\t<\/div>\n\t\t\t\t<\/div>\n\t\t\t\t\t<\/div>\n\t\t\t\t<\/div>\n\t\t\t\t<\/div>","protected":false},"excerpt":{"rendered":"<p>A travelling exhibition on D-Day<\/p>","protected":false},"author":6,"featured_media":3148,"comment_status":"closed","ping_status":"closed","sticky":false,"template":"","format":"standard","meta":{"_acf_changed":false,"footnotes":""},"categories":[9],"tags":[26,95],"univers":[82],"class_list":["post-3146","post","type-post","status-publish","format-standard","has-post-thumbnail","hentry","category-print","tag-museographie","tag-expo","univers-culture"],"acf":[],"yoast_head":"<!-- This site is optimized with the Yoast SEO plugin v27.4 - https:\/\/yoast.com\/product\/yoast-seo-wordpress\/ -->\n<title>Au Fil de la M\u00e9moire : exposition immersive D-Day<\/title>\n<meta name=\"description\" content=\"Une sc\u00e9nographie sign\u00e9e Exhibit Group pour c\u00e9l\u00e9brer les 80 ans du D\u00e9barquement : IA, design, m\u00e9moire et innovation au c\u0153ur d\u2019une exposition itin\u00e9rante.\" \/>\n<meta name=\"robots\" content=\"index, follow, max-snippet:-1, max-image-preview:large, max-video-preview:-1\" \/>\n<link rel=\"canonical\" href=\"https:\/\/exhibitgroup.fr\/en\/the-thread-of-memory\/\" \/>\n<meta property=\"og:locale\" content=\"en_GB\" \/>\n<meta property=\"og:type\" content=\"article\" \/>\n<meta property=\"og:title\" content=\"Au Fil de la M\u00e9moire : exposition immersive D-Day\" \/>\n<meta property=\"og:description\" content=\"Une sc\u00e9nographie sign\u00e9e Exhibit Group pour c\u00e9l\u00e9brer les 80 ans du D\u00e9barquement : IA, design, m\u00e9moire et innovation au c\u0153ur d\u2019une exposition itin\u00e9rante.\" \/>\n<meta property=\"og:url\" content=\"https:\/\/exhibitgroup.fr\/en\/the-thread-of-memory\/\" \/>\n<meta property=\"og:site_name\" content=\"Exhibit Group\" \/>\n<meta property=\"article:publisher\" content=\"https:\/\/www.facebook.com\/ExhibitGroup.fr\/\" \/>\n<meta property=\"article:published_time\" content=\"2025-06-01T22:16:01+00:00\" \/>\n<meta property=\"article:modified_time\" content=\"2025-07-25T09:40:04+00:00\" \/>\n<meta property=\"og:image\" content=\"https:\/\/exhibitgroup.fr\/wp-content\/uploads\/IMG_8442-1-scaled.jpg\" \/>\n\t<meta property=\"og:image:width\" content=\"1920\" \/>\n\t<meta property=\"og:image:height\" content=\"2560\" \/>\n\t<meta property=\"og:image:type\" content=\"image\/jpeg\" \/>\n<meta name=\"author\" content=\"Caroline\" \/>\n<meta name=\"twitter:card\" content=\"summary_large_image\" \/>\n<meta name=\"twitter:label1\" content=\"Written by\" \/>\n\t<meta name=\"twitter:data1\" content=\"Caroline\" \/>\n\t<meta name=\"twitter:label2\" content=\"Estimated reading time\" \/>\n\t<meta name=\"twitter:data2\" content=\"4 minutes\" \/>\n<script type=\"application\/ld+json\" class=\"yoast-schema-graph\">{\"@context\":\"https:\\\/\\\/schema.org\",\"@graph\":[{\"@type\":\"Article\",\"@id\":\"https:\\\/\\\/exhibitgroup.fr\\\/le-fil-de-la-memoire\\\/#article\",\"isPartOf\":{\"@id\":\"https:\\\/\\\/exhibitgroup.fr\\\/le-fil-de-la-memoire\\\/\"},\"author\":{\"name\":\"Caroline\",\"@id\":\"https:\\\/\\\/exhibitgroup.fr\\\/fr\\\/#\\\/schema\\\/person\\\/12bff46011088e10d40d17a8912f6ba1\"},\"headline\":\"Le Fil de la M\u00e9moire\",\"datePublished\":\"2025-06-01T22:16:01+00:00\",\"dateModified\":\"2025-07-25T09:40:04+00:00\",\"mainEntityOfPage\":{\"@id\":\"https:\\\/\\\/exhibitgroup.fr\\\/le-fil-de-la-memoire\\\/\"},\"wordCount\":526,\"publisher\":{\"@id\":\"https:\\\/\\\/exhibitgroup.fr\\\/fr\\\/#organization\"},\"image\":{\"@id\":\"https:\\\/\\\/exhibitgroup.fr\\\/le-fil-de-la-memoire\\\/#primaryimage\"},\"thumbnailUrl\":\"https:\\\/\\\/exhibitgroup.fr\\\/wp-content\\\/uploads\\\/IMG_8442-1-scaled.jpg\",\"keywords\":[\"Mus\u00e9ographie\",\"Expo\"],\"articleSection\":[\"Print\"],\"inLanguage\":\"en-GB\"},{\"@type\":\"WebPage\",\"@id\":\"https:\\\/\\\/exhibitgroup.fr\\\/le-fil-de-la-memoire\\\/\",\"url\":\"https:\\\/\\\/exhibitgroup.fr\\\/le-fil-de-la-memoire\\\/\",\"name\":\"Au Fil de la M\u00e9moire : exposition immersive D-Day\",\"isPartOf\":{\"@id\":\"https:\\\/\\\/exhibitgroup.fr\\\/fr\\\/#website\"},\"primaryImageOfPage\":{\"@id\":\"https:\\\/\\\/exhibitgroup.fr\\\/le-fil-de-la-memoire\\\/#primaryimage\"},\"image\":{\"@id\":\"https:\\\/\\\/exhibitgroup.fr\\\/le-fil-de-la-memoire\\\/#primaryimage\"},\"thumbnailUrl\":\"https:\\\/\\\/exhibitgroup.fr\\\/wp-content\\\/uploads\\\/IMG_8442-1-scaled.jpg\",\"datePublished\":\"2025-06-01T22:16:01+00:00\",\"dateModified\":\"2025-07-25T09:40:04+00:00\",\"description\":\"Une sc\u00e9nographie sign\u00e9e Exhibit Group pour c\u00e9l\u00e9brer les 80 ans du D\u00e9barquement : IA, design, m\u00e9moire et innovation au c\u0153ur d\u2019une exposition itin\u00e9rante.\",\"breadcrumb\":{\"@id\":\"https:\\\/\\\/exhibitgroup.fr\\\/le-fil-de-la-memoire\\\/#breadcrumb\"},\"inLanguage\":\"en-GB\",\"potentialAction\":[{\"@type\":\"ReadAction\",\"target\":[\"https:\\\/\\\/exhibitgroup.fr\\\/le-fil-de-la-memoire\\\/\"]}]},{\"@type\":\"ImageObject\",\"inLanguage\":\"en-GB\",\"@id\":\"https:\\\/\\\/exhibitgroup.fr\\\/le-fil-de-la-memoire\\\/#primaryimage\",\"url\":\"https:\\\/\\\/exhibitgroup.fr\\\/wp-content\\\/uploads\\\/IMG_8442-1-scaled.jpg\",\"contentUrl\":\"https:\\\/\\\/exhibitgroup.fr\\\/wp-content\\\/uploads\\\/IMG_8442-1-scaled.jpg\",\"width\":1920,\"height\":2560},{\"@type\":\"BreadcrumbList\",\"@id\":\"https:\\\/\\\/exhibitgroup.fr\\\/le-fil-de-la-memoire\\\/#breadcrumb\",\"itemListElement\":[{\"@type\":\"ListItem\",\"position\":1,\"name\":\"Accueil\",\"item\":\"https:\\\/\\\/exhibitgroup.fr\\\/\"},{\"@type\":\"ListItem\",\"position\":2,\"name\":\"Le Fil de la M\u00e9moire\"}]},{\"@type\":\"WebSite\",\"@id\":\"https:\\\/\\\/exhibitgroup.fr\\\/fr\\\/#website\",\"url\":\"https:\\\/\\\/exhibitgroup.fr\\\/fr\\\/\",\"name\":\"Exhibit Group\",\"description\":\"\",\"publisher\":{\"@id\":\"https:\\\/\\\/exhibitgroup.fr\\\/fr\\\/#organization\"},\"potentialAction\":[{\"@type\":\"SearchAction\",\"target\":{\"@type\":\"EntryPoint\",\"urlTemplate\":\"https:\\\/\\\/exhibitgroup.fr\\\/fr\\\/?s={search_term_string}\"},\"query-input\":{\"@type\":\"PropertyValueSpecification\",\"valueRequired\":true,\"valueName\":\"search_term_string\"}}],\"inLanguage\":\"en-GB\"},{\"@type\":\"Organization\",\"@id\":\"https:\\\/\\\/exhibitgroup.fr\\\/fr\\\/#organization\",\"name\":\"Exhibit Group\",\"url\":\"https:\\\/\\\/exhibitgroup.fr\\\/fr\\\/\",\"logo\":{\"@type\":\"ImageObject\",\"inLanguage\":\"en-GB\",\"@id\":\"https:\\\/\\\/exhibitgroup.fr\\\/fr\\\/#\\\/schema\\\/logo\\\/image\\\/\",\"url\":\"https:\\\/\\\/exhibitgroup.fr\\\/wp-content\\\/uploads\\\/EXHIBIT_GROUP_LOGO.jpg\",\"contentUrl\":\"https:\\\/\\\/exhibitgroup.fr\\\/wp-content\\\/uploads\\\/EXHIBIT_GROUP_LOGO.jpg\",\"width\":2373,\"height\":675,\"caption\":\"Exhibit Group\"},\"image\":{\"@id\":\"https:\\\/\\\/exhibitgroup.fr\\\/fr\\\/#\\\/schema\\\/logo\\\/image\\\/\"},\"sameAs\":[\"https:\\\/\\\/www.facebook.com\\\/ExhibitGroup.fr\\\/\",\"https:\\\/\\\/fr.linkedin.com\\\/company\\\/exhibit-group_2\"]},{\"@type\":\"Person\",\"@id\":\"https:\\\/\\\/exhibitgroup.fr\\\/fr\\\/#\\\/schema\\\/person\\\/12bff46011088e10d40d17a8912f6ba1\",\"name\":\"Caroline\",\"image\":{\"@type\":\"ImageObject\",\"inLanguage\":\"en-GB\",\"@id\":\"https:\\\/\\\/secure.gravatar.com\\\/avatar\\\/b742905a0e6352554ed66a91fe56e2dd768f2154eb4cdc715f7cccba9c7a5802?s=96&d=mm&r=g\",\"url\":\"https:\\\/\\\/secure.gravatar.com\\\/avatar\\\/b742905a0e6352554ed66a91fe56e2dd768f2154eb4cdc715f7cccba9c7a5802?s=96&d=mm&r=g\",\"contentUrl\":\"https:\\\/\\\/secure.gravatar.com\\\/avatar\\\/b742905a0e6352554ed66a91fe56e2dd768f2154eb4cdc715f7cccba9c7a5802?s=96&d=mm&r=g\",\"caption\":\"Caroline\"},\"url\":\"https:\\\/\\\/exhibitgroup.fr\\\/en\\\/author\\\/caro\\\/\"}]}<\/script>\n<!-- \/ Yoast SEO plugin. -->","yoast_head_json":{"title":"Au Fil de la M\u00e9moire: immersive D-Day exhibition","description":"Exhibit Group's scenography to celebrate the 80th anniversary of D-Day: AI, design, memory and innovation at the heart of a travelling exhibition.","robots":{"index":"index","follow":"follow","max-snippet":"max-snippet:-1","max-image-preview":"max-image-preview:large","max-video-preview":"max-video-preview:-1"},"canonical":"https:\/\/exhibitgroup.fr\/en\/the-thread-of-memory\/","og_locale":"en_GB","og_type":"article","og_title":"Au Fil de la M\u00e9moire : exposition immersive D-Day","og_description":"Une sc\u00e9nographie sign\u00e9e Exhibit Group pour c\u00e9l\u00e9brer les 80 ans du D\u00e9barquement : IA, design, m\u00e9moire et innovation au c\u0153ur d\u2019une exposition itin\u00e9rante.","og_url":"https:\/\/exhibitgroup.fr\/en\/the-thread-of-memory\/","og_site_name":"Exhibit Group","article_publisher":"https:\/\/www.facebook.com\/ExhibitGroup.fr\/","article_published_time":"2025-06-01T22:16:01+00:00","article_modified_time":"2025-07-25T09:40:04+00:00","og_image":[{"width":1920,"height":2560,"url":"https:\/\/exhibitgroup.fr\/wp-content\/uploads\/IMG_8442-1-scaled.jpg","type":"image\/jpeg"}],"author":"Caroline","twitter_card":"summary_large_image","twitter_misc":{"Written by":"Caroline","Estimated reading time":"4 minutes"},"schema":{"@context":"https:\/\/schema.org","@graph":[{"@type":"Article","@id":"https:\/\/exhibitgroup.fr\/le-fil-de-la-memoire\/#article","isPartOf":{"@id":"https:\/\/exhibitgroup.fr\/le-fil-de-la-memoire\/"},"author":{"name":"Caroline","@id":"https:\/\/exhibitgroup.fr\/fr\/#\/schema\/person\/12bff46011088e10d40d17a8912f6ba1"},"headline":"Le Fil de la M\u00e9moire","datePublished":"2025-06-01T22:16:01+00:00","dateModified":"2025-07-25T09:40:04+00:00","mainEntityOfPage":{"@id":"https:\/\/exhibitgroup.fr\/le-fil-de-la-memoire\/"},"wordCount":526,"publisher":{"@id":"https:\/\/exhibitgroup.fr\/fr\/#organization"},"image":{"@id":"https:\/\/exhibitgroup.fr\/le-fil-de-la-memoire\/#primaryimage"},"thumbnailUrl":"https:\/\/exhibitgroup.fr\/wp-content\/uploads\/IMG_8442-1-scaled.jpg","keywords":["Mus\u00e9ographie","Expo"],"articleSection":["Print"],"inLanguage":"en-GB"},{"@type":"WebPage","@id":"https:\/\/exhibitgroup.fr\/le-fil-de-la-memoire\/","url":"https:\/\/exhibitgroup.fr\/le-fil-de-la-memoire\/","name":"Au Fil de la M\u00e9moire: immersive D-Day exhibition","isPartOf":{"@id":"https:\/\/exhibitgroup.fr\/fr\/#website"},"primaryImageOfPage":{"@id":"https:\/\/exhibitgroup.fr\/le-fil-de-la-memoire\/#primaryimage"},"image":{"@id":"https:\/\/exhibitgroup.fr\/le-fil-de-la-memoire\/#primaryimage"},"thumbnailUrl":"https:\/\/exhibitgroup.fr\/wp-content\/uploads\/IMG_8442-1-scaled.jpg","datePublished":"2025-06-01T22:16:01+00:00","dateModified":"2025-07-25T09:40:04+00:00","description":"Exhibit Group's scenography to celebrate the 80th anniversary of D-Day: AI, design, memory and innovation at the heart of a travelling exhibition.","breadcrumb":{"@id":"https:\/\/exhibitgroup.fr\/le-fil-de-la-memoire\/#breadcrumb"},"inLanguage":"en-GB","potentialAction":[{"@type":"ReadAction","target":["https:\/\/exhibitgroup.fr\/le-fil-de-la-memoire\/"]}]},{"@type":"ImageObject","inLanguage":"en-GB","@id":"https:\/\/exhibitgroup.fr\/le-fil-de-la-memoire\/#primaryimage","url":"https:\/\/exhibitgroup.fr\/wp-content\/uploads\/IMG_8442-1-scaled.jpg","contentUrl":"https:\/\/exhibitgroup.fr\/wp-content\/uploads\/IMG_8442-1-scaled.jpg","width":1920,"height":2560},{"@type":"BreadcrumbList","@id":"https:\/\/exhibitgroup.fr\/le-fil-de-la-memoire\/#breadcrumb","itemListElement":[{"@type":"ListItem","position":1,"name":"Accueil","item":"https:\/\/exhibitgroup.fr\/"},{"@type":"ListItem","position":2,"name":"Le Fil de la M\u00e9moire"}]},{"@type":"WebSite","@id":"https:\/\/exhibitgroup.fr\/fr\/#website","url":"https:\/\/exhibitgroup.fr\/fr\/","name":"Exhibit Group","description":"","publisher":{"@id":"https:\/\/exhibitgroup.fr\/fr\/#organization"},"potentialAction":[{"@type":"SearchAction","target":{"@type":"EntryPoint","urlTemplate":"https:\/\/exhibitgroup.fr\/fr\/?s={search_term_string}"},"query-input":{"@type":"PropertyValueSpecification","valueRequired":true,"valueName":"search_term_string"}}],"inLanguage":"en-GB"},{"@type":"Organization","@id":"https:\/\/exhibitgroup.fr\/fr\/#organization","name":"Exhibit Group","url":"https:\/\/exhibitgroup.fr\/fr\/","logo":{"@type":"ImageObject","inLanguage":"en-GB","@id":"https:\/\/exhibitgroup.fr\/fr\/#\/schema\/logo\/image\/","url":"https:\/\/exhibitgroup.fr\/wp-content\/uploads\/EXHIBIT_GROUP_LOGO.jpg","contentUrl":"https:\/\/exhibitgroup.fr\/wp-content\/uploads\/EXHIBIT_GROUP_LOGO.jpg","width":2373,"height":675,"caption":"Exhibit Group"},"image":{"@id":"https:\/\/exhibitgroup.fr\/fr\/#\/schema\/logo\/image\/"},"sameAs":["https:\/\/www.facebook.com\/ExhibitGroup.fr\/","https:\/\/fr.linkedin.com\/company\/exhibit-group_2"]},{"@type":"Person","@id":"https:\/\/exhibitgroup.fr\/fr\/#\/schema\/person\/12bff46011088e10d40d17a8912f6ba1","name":"Caroline","image":{"@type":"ImageObject","inLanguage":"en-GB","@id":"https:\/\/secure.gravatar.com\/avatar\/b742905a0e6352554ed66a91fe56e2dd768f2154eb4cdc715f7cccba9c7a5802?s=96&d=mm&r=g","url":"https:\/\/secure.gravatar.com\/avatar\/b742905a0e6352554ed66a91fe56e2dd768f2154eb4cdc715f7cccba9c7a5802?s=96&d=mm&r=g","contentUrl":"https:\/\/secure.gravatar.com\/avatar\/b742905a0e6352554ed66a91fe56e2dd768f2154eb4cdc715f7cccba9c7a5802?s=96&d=mm&r=g","caption":"Caroline"},"url":"https:\/\/exhibitgroup.fr\/en\/author\/caro\/"}]}},"_links":{"self":[{"href":"https:\/\/exhibitgroup.fr\/en\/wp-json\/wp\/v2\/posts\/3146","targetHints":{"allow":["GET"]}}],"collection":[{"href":"https:\/\/exhibitgroup.fr\/en\/wp-json\/wp\/v2\/posts"}],"about":[{"href":"https:\/\/exhibitgroup.fr\/en\/wp-json\/wp\/v2\/types\/post"}],"author":[{"embeddable":true,"href":"https:\/\/exhibitgroup.fr\/en\/wp-json\/wp\/v2\/users\/6"}],"replies":[{"embeddable":true,"href":"https:\/\/exhibitgroup.fr\/en\/wp-json\/wp\/v2\/comments?post=3146"}],"version-history":[{"count":0,"href":"https:\/\/exhibitgroup.fr\/en\/wp-json\/wp\/v2\/posts\/3146\/revisions"}],"wp:featuredmedia":[{"embeddable":true,"href":"https:\/\/exhibitgroup.fr\/en\/wp-json\/wp\/v2\/media\/3148"}],"wp:attachment":[{"href":"https:\/\/exhibitgroup.fr\/en\/wp-json\/wp\/v2\/media?parent=3146"}],"wp:term":[{"taxonomy":"category","embeddable":true,"href":"https:\/\/exhibitgroup.fr\/en\/wp-json\/wp\/v2\/categories?post=3146"},{"taxonomy":"post_tag","embeddable":true,"href":"https:\/\/exhibitgroup.fr\/en\/wp-json\/wp\/v2\/tags?post=3146"},{"taxonomy":"univers","embeddable":true,"href":"https:\/\/exhibitgroup.fr\/en\/wp-json\/wp\/v2\/univers?post=3146"}],"curies":[{"name":"wp","href":"https:\/\/api.w.org\/{rel}","templated":true}]}}